{"id":340111,"date":"2024-10-10T11:41:42","date_gmt":"2024-10-10T08:41:42","guid":{"rendered":"https:\/\/sana.sy\/es\/?p=340111"},"modified":"2024-10-10T11:41:42","modified_gmt":"2024-10-10T08:41:42","slug":"ejercito-sirio-frustra-atentado-con-bomba-en-la-provincia-de-deraa","status":"publish","type":"post","link":"https:\/\/archive.sana.sy\/es\/?p=340111","title":{"rendered":"Ej\u00e9rcito sirio frustra atentado con bomba en la provincia de Deraa"},"content":{"rendered":"<p style=\"text-align: justify;\"><span style=\"color: #800000;\"><strong>Deraa, 10 oct (SANA)\u00a0<\/strong><\/span> Los zapadores del Ej\u00e9rcito sirio detonaron hoy un artefacto explosivo colocado por terroristas cerca del mercado comercial de Naif y el complejo escolar, en el barrio oriental de Al-Kashif en la ciudad de Deraa, cabecera de la provincia hom\u00f3nima, ubicada a unos 100 kil\u00f3metros al sur de Damasco, la capital.<\/p>\n<p style=\"text-align: justify;\">La Comandancia de Polic\u00eda de Deraa inform\u00f3 que \u201clos ciudadanos informaron sobre una bomba cerca de la acera del mencionado mercado, y debido a la imposibilidad de desactivarla se tuvo que detonar a distancia, lo que provoc\u00f3 da\u00f1os materiales en el lugar de la explosi\u00f3n, explic\u00f3 la fuente .<\/p>\n<p style=\"text-align: justify;\">ed\/fm<\/p>\n","protected":false},"excerpt":{"rendered":"<p>Deraa, 10 oct (SANA)\u00a0 Los zapadores del Ej\u00e9rcito sirio detonaron hoy un artefacto explosivo colocado por terroristas cerca del mercado comercial de Naif y el complejo escolar, en el barrio oriental de Al-Kashif en la ciudad de Deraa, cabecera de la provincia hom\u00f3nima, ubicada a unos 100 kil\u00f3metros al sur de Damasco, la capital. La &hellip;<\/p>\n","protected":false},"author":32,"featured_media":340112,"comment_status":"closed","ping_status":"closed","sticky":false,"template":"","format":"standard","meta":{"footnotes":""},"categories":[477,447,597,573,20724,476,7541],"tags":[],"class_list":["post-340111","post","type-post","status-publish","format-standard","has-post-thumbnail","","category-noticias-edulcorantes","category-local-politica","category-cinta-de-noticias","category-la-realidad-de-los-acontecimientos-en-siria","category-minuto-a-minuto","category-locales","category-ultimas-noticias"],"_links":{"self":[{"href":"https:\/\/archive.sana.sy\/es\/index.php?rest_route=\/wp\/v2\/posts\/340111"}],"collection":[{"href":"https:\/\/archive.sana.sy\/es\/index.php?rest_route=\/wp\/v2\/posts"}],"about":[{"href":"https:\/\/archive.sana.sy\/es\/index.php?rest_route=\/wp\/v2\/types\/post"}],"author":[{"embeddable":true,"href":"https:\/\/archive.sana.sy\/es\/index.php?rest_route=\/wp\/v2\/users\/32"}],"replies":[{"embeddable":true,"href":"https:\/\/archive.sana.sy\/es\/index.php?rest_route=%2Fwp%2Fv2%2Fcomments&post=340111"}],"version-history":[{"count":1,"href":"https:\/\/archive.sana.sy\/es\/index.php?rest_route=\/wp\/v2\/posts\/340111\/revisions"}],"predecessor-version":[{"id":340113,"href":"https:\/\/archive.sana.sy\/es\/index.php?rest_route=\/wp\/v2\/posts\/340111\/revisions\/340113"}],"wp:featuredmedia":[{"embeddable":true,"href":"https:\/\/archive.sana.sy\/es\/index.php?rest_route=\/wp\/v2\/media\/340112"}],"wp:attachment":[{"href":"https:\/\/archive.sana.sy\/es\/index.php?rest_route=%2Fwp%2Fv2%2Fmedia&parent=340111"}],"wp:term":[{"taxonomy":"category","embeddable":true,"href":"https:\/\/archive.sana.sy\/es\/index.php?rest_route=%2Fwp%2Fv2%2Fcategories&post=340111"},{"taxonomy":"post_tag","embeddable":true,"href":"https:\/\/archive.sana.sy\/es\/index.php?rest_route=%2Fwp%2Fv2%2Ftags&post=340111"}],"curies":[{"name":"wp","href":"https:\/\/api.w.org\/{rel}","templated":true}]}}