{"id":340136,"date":"2024-10-10T14:57:36","date_gmt":"2024-10-10T11:57:36","guid":{"rendered":"https:\/\/sana.sy\/es\/?p=340136"},"modified":"2024-10-10T14:57:36","modified_gmt":"2024-10-10T11:57:36","slug":"otro-soldado-israeli-murio-en-combate-en-el-sur-libanes","status":"publish","type":"post","link":"https:\/\/archive.sana.sy\/es\/?p=340136","title":{"rendered":"Otro soldado israel\u00ed muri\u00f3 en combate en el sur liban\u00e9s"},"content":{"rendered":"<p style=\"text-align: justify;\"><span style=\"color: #800000;\"><strong>Jerusal\u00e9n ocupada, 10 oct (SANA)<\/strong> <\/span>El ej\u00e9rcito de ocupaci\u00f3n israel\u00ed anunci\u00f3 hoy la muerte de un reservista durante combates con la resistencia libanesa, para sumar 12 desde el inicio de su invasi\u00f3n terrestre a L\u00edbano a principios de este mes.<\/p>\n<p style=\"text-align: justify;\">En un breve comunicado, el Ej\u00e9rcito inform\u00f3 que el uniformado, de 37 a\u00f1os, pertenec\u00eda al 5030 batall\u00f3n, de la Brigada Alon, y destac\u00f3 que otro result\u00f3 herido gravemente en el mismo incidente.<\/p>\n<p style=\"text-align: justify;\">M\u00e1s de 730 militares israel\u00edes perdieron la vida desde el comienzo de la guerra el 7 de octubre de 2023.<\/p>\n<p style=\"text-align: justify;\">En la actualidad est\u00e1n desplegadas en el sur liban\u00e9s cuatro divisiones israel\u00edes: la 146, la 36, la 91 y la 98.<\/p>\n<p style=\"text-align: justify;\">fm\/ed<\/p>\n","protected":false},"excerpt":{"rendered":"<p>Jerusal\u00e9n ocupada, 10 oct (SANA) El ej\u00e9rcito de ocupaci\u00f3n israel\u00ed anunci\u00f3 hoy la muerte de un reservista durante combates con la resistencia libanesa, para sumar 12 desde el inicio de su invasi\u00f3n terrestre a L\u00edbano a principios de este mes. En un breve comunicado, el Ej\u00e9rcito inform\u00f3 que el uniformado, de 37 a\u00f1os, pertenec\u00eda al &hellip;<\/p>\n","protected":false},"author":32,"featured_media":340137,"comment_status":"closed","ping_status":"closed","sticky":false,"template":"","format":"standard","meta":{"footnotes":""},"categories":[597,456,20724,7541],"tags":[],"class_list":["post-340136","post","type-post","status-publish","format-standard","has-post-thumbnail","","category-cinta-de-noticias","category-arabe-internacional-politica","category-minuto-a-minuto","category-ultimas-noticias"],"_links":{"self":[{"href":"https:\/\/archive.sana.sy\/es\/index.php?rest_route=\/wp\/v2\/posts\/340136"}],"collection":[{"href":"https:\/\/archive.sana.sy\/es\/index.php?rest_route=\/wp\/v2\/posts"}],"about":[{"href":"https:\/\/archive.sana.sy\/es\/index.php?rest_route=\/wp\/v2\/types\/post"}],"author":[{"embeddable":true,"href":"https:\/\/archive.sana.sy\/es\/index.php?rest_route=\/wp\/v2\/users\/32"}],"replies":[{"embeddable":true,"href":"https:\/\/archive.sana.sy\/es\/index.php?rest_route=%2Fwp%2Fv2%2Fcomments&post=340136"}],"version-history":[{"count":1,"href":"https:\/\/archive.sana.sy\/es\/index.php?rest_route=\/wp\/v2\/posts\/340136\/revisions"}],"predecessor-version":[{"id":340138,"href":"https:\/\/archive.sana.sy\/es\/index.php?rest_route=\/wp\/v2\/posts\/340136\/revisions\/340138"}],"wp:featuredmedia":[{"embeddable":true,"href":"https:\/\/archive.sana.sy\/es\/index.php?rest_route=\/wp\/v2\/media\/340137"}],"wp:attachment":[{"href":"https:\/\/archive.sana.sy\/es\/index.php?rest_route=%2Fwp%2Fv2%2Fmedia&parent=340136"}],"wp:term":[{"taxonomy":"category","embeddable":true,"href":"https:\/\/archive.sana.sy\/es\/index.php?rest_route=%2Fwp%2Fv2%2Fcategories&post=340136"},{"taxonomy":"post_tag","embeddable":true,"href":"https:\/\/archive.sana.sy\/es\/index.php?rest_route=%2Fwp%2Fv2%2Ftags&post=340136"}],"curies":[{"name":"wp","href":"https:\/\/api.w.org\/{rel}","templated":true}]}}