{"id":340155,"date":"2024-10-10T16:54:21","date_gmt":"2024-10-10T13:54:21","guid":{"rendered":"https:\/\/sana.sy\/es\/?p=340155"},"modified":"2024-10-10T16:54:21","modified_gmt":"2024-10-10T13:54:21","slug":"resistencia-libanesa-frustra-intentos-israelies-de-infiltrarse-en-territorio-libanes","status":"publish","type":"post","link":"https:\/\/archive.sana.sy\/es\/?p=340155","title":{"rendered":"Resistencia libanesa frustra intentos israel\u00edes de infiltrarse en territorio liban\u00e9s"},"content":{"rendered":"<p style=\"text-align: justify;\"><span style=\"color: #800000;\"><strong>Beirut, 10 oct (SANA)\u00a0<\/strong> <\/span>La resistencia libanesa contin\u00faa frustrando los intentos de las fuerzas enemigas israel\u00edes de infiltrarse en territorio liban\u00e9s, caus\u00e1ndoles p\u00e9rdidas de vidas y equipos.<\/p>\n<p style=\"text-align: justify;\">\u201cEn apoyo al firme pueblo palestino en la Franja de Gaza y a su valiente resistencia, y en defensa del L\u00edbano y su pueblo, nuestros combatientes atacaron hoy con misiles guiados un tanque israel\u00ed mientras avanzaba hacia la localidad Ras Al-Naqura, lo que provoc\u00f3 su incendio y destrucci\u00f3n, y dej\u00f3 a sus tripulantes entre muertos y heridos\u201d, declar\u00f3 la resistencia en un comunicado.<\/p>\n<p style=\"text-align: justify;\">Asimismo, los combatientes de la resistencia libanesa dispararon misiles contra soldados israel\u00edes mientras intentaban retirar a las v\u00edctimas de la antes mencionada localidad.<\/p>\n<p style=\"text-align: justify;\">Adem\u00e1s, la resistencia atac\u00f3 a una concentraci\u00f3n de soldados enemigos en Kfargaladi, adem\u00e1s de bombardear el asentamiento de Karmiel.<\/p>\n<p style=\"text-align: justify;\">sm<\/p>\n","protected":false},"excerpt":{"rendered":"<p>Beirut, 10 oct (SANA)\u00a0 La resistencia libanesa contin\u00faa frustrando los intentos de las fuerzas enemigas israel\u00edes de infiltrarse en territorio liban\u00e9s, caus\u00e1ndoles p\u00e9rdidas de vidas y equipos. \u201cEn apoyo al firme pueblo palestino en la Franja de Gaza y a su valiente resistencia, y en defensa del L\u00edbano y su pueblo, nuestros combatientes atacaron hoy &hellip;<\/p>\n","protected":false},"author":39,"featured_media":340156,"comment_status":"closed","ping_status":"closed","sticky":false,"template":"","format":"standard","meta":{"footnotes":""},"categories":[597,456,16687,20724,7541],"tags":[],"class_list":["post-340155","post","type-post","status-publish","format-standard","has-post-thumbnail","","category-cinta-de-noticias","category-arabe-internacional-politica","category-internacionales","category-minuto-a-minuto","category-ultimas-noticias"],"_links":{"self":[{"href":"https:\/\/archive.sana.sy\/es\/index.php?rest_route=\/wp\/v2\/posts\/340155"}],"collection":[{"href":"https:\/\/archive.sana.sy\/es\/index.php?rest_route=\/wp\/v2\/posts"}],"about":[{"href":"https:\/\/archive.sana.sy\/es\/index.php?rest_route=\/wp\/v2\/types\/post"}],"author":[{"embeddable":true,"href":"https:\/\/archive.sana.sy\/es\/index.php?rest_route=\/wp\/v2\/users\/39"}],"replies":[{"embeddable":true,"href":"https:\/\/archive.sana.sy\/es\/index.php?rest_route=%2Fwp%2Fv2%2Fcomments&post=340155"}],"version-history":[{"count":1,"href":"https:\/\/archive.sana.sy\/es\/index.php?rest_route=\/wp\/v2\/posts\/340155\/revisions"}],"predecessor-version":[{"id":340157,"href":"https:\/\/archive.sana.sy\/es\/index.php?rest_route=\/wp\/v2\/posts\/340155\/revisions\/340157"}],"wp:featuredmedia":[{"embeddable":true,"href":"https:\/\/archive.sana.sy\/es\/index.php?rest_route=\/wp\/v2\/media\/340156"}],"wp:attachment":[{"href":"https:\/\/archive.sana.sy\/es\/index.php?rest_route=%2Fwp%2Fv2%2Fmedia&parent=340155"}],"wp:term":[{"taxonomy":"category","embeddable":true,"href":"https:\/\/archive.sana.sy\/es\/index.php?rest_route=%2Fwp%2Fv2%2Fcategories&post=340155"},{"taxonomy":"post_tag","embeddable":true,"href":"https:\/\/archive.sana.sy\/es\/index.php?rest_route=%2Fwp%2Fv2%2Ftags&post=340155"}],"curies":[{"name":"wp","href":"https:\/\/api.w.org\/{rel}","templated":true}]}}