{"id":340164,"date":"2024-10-10T18:30:25","date_gmt":"2024-10-10T15:30:25","guid":{"rendered":"https:\/\/sana.sy\/es\/?p=340164"},"modified":"2024-10-10T18:30:25","modified_gmt":"2024-10-10T15:30:25","slug":"siria-reitera-su-firme-apoyo-al-pueblo-palestino-y-a-su-derecho-legitimo-a-resistir","status":"publish","type":"post","link":"https:\/\/archive.sana.sy\/es\/?p=340164","title":{"rendered":"Siria reitera su firme apoyo al pueblo palestino y a su derecho leg\u00edtimo a resistir"},"content":{"rendered":"<p style=\"text-align: justify;\"><span style=\"color: #800000;\"><strong>Damasco, 10 oct (SANA)\u00a0 <\/strong><\/span>El ministro sirio de Asuntos Exteriores y Expatriados, Bassam Sabbagh, abord\u00f3 con Talal Naji, Secretario General del Frente Popular para la Liberaci\u00f3n de Palestina &#8211; Comando General, la evoluci\u00f3n de la situaci\u00f3n en los territorios palestinos ocupados, la peligrosa escalada israel\u00ed en la regi\u00f3n, especialmente la brutal agresi\u00f3n contra El L\u00edbano y los repetidos ataques contra Siria.<\/p>\n<p style=\"text-align: justify;\">El Canciller sirio afirm\u00f3 el apoyo firme y de principios de Siria a la causa palestina y el derecho del pueblo palestino a recuperar sus derechos inalienables, incluido su derecho leg\u00edtimo a resistir todas las formas de ocupaci\u00f3n y agresi\u00f3n.<\/p>\n<p style=\"text-align: justify;\">Asimismo destac\u00f3 la necesidad de poner fin a la guerra genocida y a los cr\u00edmenes de guerra cometido por el ocupante sionista en la regi\u00f3n, aprovechando el paraguas de protecci\u00f3n y apoyo brindado por la administraci\u00f3n estadounidense.<\/p>\n<p style=\"text-align: justify;\">A su vez, Naji destac\u00f3 que el pueblo palestino se adhiere a su tierra, y contin\u00faa su resistencia al enemigo pesar de todas las masacres que comete el ocupante.<\/p>\n<p style=\"text-align: justify;\">Adem\u00e1s, agradeci\u00f3 a Siria por su posici\u00f3n firme y de apoyo al pueblo palestino y a su causa justa.<\/p>\n<p style=\"text-align: justify;\">sm<\/p>\n","protected":false},"excerpt":{"rendered":"<p>Damasco, 10 oct (SANA)\u00a0 El ministro sirio de Asuntos Exteriores y Expatriados, Bassam Sabbagh, abord\u00f3 con Talal Naji, Secretario General del Frente Popular para la Liberaci\u00f3n de Palestina &#8211; Comando General, la evoluci\u00f3n de la situaci\u00f3n en los territorios palestinos ocupados, la peligrosa escalada israel\u00ed en la regi\u00f3n, especialmente la brutal agresi\u00f3n contra El L\u00edbano &hellip;<\/p>\n","protected":false},"author":39,"featured_media":340165,"comment_status":"closed","ping_status":"closed","sticky":false,"template":"","format":"standard","meta":{"footnotes":""},"categories":[477,597,20724,467,7541],"tags":[],"class_list":["post-340164","post","type-post","status-publish","format-standard","has-post-thumbnail","","category-noticias-edulcorantes","category-cinta-de-noticias","category-minuto-a-minuto","category-siria-y-el-mundo","category-ultimas-noticias"],"_links":{"self":[{"href":"https:\/\/archive.sana.sy\/es\/index.php?rest_route=\/wp\/v2\/posts\/340164"}],"collection":[{"href":"https:\/\/archive.sana.sy\/es\/index.php?rest_route=\/wp\/v2\/posts"}],"about":[{"href":"https:\/\/archive.sana.sy\/es\/index.php?rest_route=\/wp\/v2\/types\/post"}],"author":[{"embeddable":true,"href":"https:\/\/archive.sana.sy\/es\/index.php?rest_route=\/wp\/v2\/users\/39"}],"replies":[{"embeddable":true,"href":"https:\/\/archive.sana.sy\/es\/index.php?rest_route=%2Fwp%2Fv2%2Fcomments&post=340164"}],"version-history":[{"count":1,"href":"https:\/\/archive.sana.sy\/es\/index.php?rest_route=\/wp\/v2\/posts\/340164\/revisions"}],"predecessor-version":[{"id":340166,"href":"https:\/\/archive.sana.sy\/es\/index.php?rest_route=\/wp\/v2\/posts\/340164\/revisions\/340166"}],"wp:featuredmedia":[{"embeddable":true,"href":"https:\/\/archive.sana.sy\/es\/index.php?rest_route=\/wp\/v2\/media\/340165"}],"wp:attachment":[{"href":"https:\/\/archive.sana.sy\/es\/index.php?rest_route=%2Fwp%2Fv2%2Fmedia&parent=340164"}],"wp:term":[{"taxonomy":"category","embeddable":true,"href":"https:\/\/archive.sana.sy\/es\/index.php?rest_route=%2Fwp%2Fv2%2Fcategories&post=340164"},{"taxonomy":"post_tag","embeddable":true,"href":"https:\/\/archive.sana.sy\/es\/index.php?rest_route=%2Fwp%2Fv2%2Ftags&post=340164"}],"curies":[{"name":"wp","href":"https:\/\/api.w.org\/{rel}","templated":true}]}}