{"id":340167,"date":"2024-10-10T19:40:38","date_gmt":"2024-10-10T16:40:38","guid":{"rendered":"https:\/\/sana.sy\/es\/?p=340167"},"modified":"2024-10-10T19:52:17","modified_gmt":"2024-10-10T16:52:17","slug":"israel-ataca-fuerzas-de-la-onu-en-el-libano","status":"publish","type":"post","link":"https:\/\/archive.sana.sy\/es\/?p=340167","title":{"rendered":"Israel ataca fuerzas de la ONU en el L\u00edbano"},"content":{"rendered":"<blockquote>\n<p style=\"text-align: justify;\"><span style=\"color: #993300;\">Ej\u00e9rcito israel\u00ed tambi\u00e9n dispar\u00f3 contra un b\u00fanker en la zona fronteriza de Labbouneh, donde se refugiaban las fuerzas de paz, da\u00f1ando veh\u00edculos y un sistema de comunicaci\u00f3n.\u00a0 Agregaron que un dron israel\u00ed fue visto en el aire cuando se dirig\u00eda hacia la entrada del b\u00fanker.<\/span><\/p>\n<\/blockquote>\n<p style=\"text-align: justify;\"><span style=\"color: #800000;\"><strong>Beirut, 10 oct (SANA)<\/strong><\/span>\u00a0 La Fuerza Provisional de las Naciones Unidas en el L\u00edbano (FPNUL) denunci\u00f3 hoy un ataque israel\u00ed contra las instalaciones de su cuartel general en la ciudad de Naqoura, en el sur del pa\u00eds.<\/p>\n<p style=\"text-align: justify;\">&#8220;En los \u00faltimos d\u00edas, el cuartel general de la FPNUL en Naqoura y las posiciones cercanas han sido alcanzados en repetidas ocasiones&#8221;, comunic\u00f3 la misi\u00f3n de paz de la ONU en su cuenta de X.<\/p>\n<p style=\"text-align: justify;\">Agreg\u00f3 que dos soldados de la fuerza de paz resultaron heridos y han sido hospitalizados, cuando un tanque Merkava dispar\u00f3 contra una torre de observaci\u00f3n en Naqoura, impactando directamente contra ella.<\/p>\n<p style=\"text-align: justify;\">Ej\u00e9rcito israel\u00ed tambi\u00e9n dispar\u00f3 contra un b\u00fanker en la zona fronteriza de Labbouneh, donde se refugiaban las fuerzas de paz, da\u00f1ando veh\u00edculos y un sistema de comunicaci\u00f3n.\u00a0 Agregaron que un dron israel\u00ed fue visto en el aire cuando se dirig\u00eda hacia la entrada del b\u00fanker.<\/p>\n<p style=\"text-align: justify;\">fm\/ahs<\/p>\n","protected":false},"excerpt":{"rendered":"<p>Ej\u00e9rcito israel\u00ed tambi\u00e9n dispar\u00f3 contra un b\u00fanker en la zona fronteriza de Labbouneh, donde se refugiaban las fuerzas de paz, da\u00f1ando veh\u00edculos y un sistema de comunicaci\u00f3n.\u00a0 Agregaron que un dron israel\u00ed fue visto en el aire cuando se dirig\u00eda hacia la entrada del b\u00fanker. Beirut, 10 oct (SANA)\u00a0 La Fuerza Provisional de las Naciones &hellip;<\/p>\n","protected":false},"author":43,"featured_media":340168,"comment_status":"closed","ping_status":"closed","sticky":false,"template":"","format":"standard","meta":{"footnotes":""},"categories":[597,456,16687,20724,7541],"tags":[],"class_list":["post-340167","post","type-post","status-publish","format-standard","has-post-thumbnail","","category-cinta-de-noticias","category-arabe-internacional-politica","category-internacionales","category-minuto-a-minuto","category-ultimas-noticias"],"_links":{"self":[{"href":"https:\/\/archive.sana.sy\/es\/index.php?rest_route=\/wp\/v2\/posts\/340167"}],"collection":[{"href":"https:\/\/archive.sana.sy\/es\/index.php?rest_route=\/wp\/v2\/posts"}],"about":[{"href":"https:\/\/archive.sana.sy\/es\/index.php?rest_route=\/wp\/v2\/types\/post"}],"author":[{"embeddable":true,"href":"https:\/\/archive.sana.sy\/es\/index.php?rest_route=\/wp\/v2\/users\/43"}],"replies":[{"embeddable":true,"href":"https:\/\/archive.sana.sy\/es\/index.php?rest_route=%2Fwp%2Fv2%2Fcomments&post=340167"}],"version-history":[{"count":2,"href":"https:\/\/archive.sana.sy\/es\/index.php?rest_route=\/wp\/v2\/posts\/340167\/revisions"}],"predecessor-version":[{"id":340174,"href":"https:\/\/archive.sana.sy\/es\/index.php?rest_route=\/wp\/v2\/posts\/340167\/revisions\/340174"}],"wp:featuredmedia":[{"embeddable":true,"href":"https:\/\/archive.sana.sy\/es\/index.php?rest_route=\/wp\/v2\/media\/340168"}],"wp:attachment":[{"href":"https:\/\/archive.sana.sy\/es\/index.php?rest_route=%2Fwp%2Fv2%2Fmedia&parent=340167"}],"wp:term":[{"taxonomy":"category","embeddable":true,"href":"https:\/\/archive.sana.sy\/es\/index.php?rest_route=%2Fwp%2Fv2%2Fcategories&post=340167"},{"taxonomy":"post_tag","embeddable":true,"href":"https:\/\/archive.sana.sy\/es\/index.php?rest_route=%2Fwp%2Fv2%2Ftags&post=340167"}],"curies":[{"name":"wp","href":"https:\/\/api.w.org\/{rel}","templated":true}]}}