{"id":340175,"date":"2024-10-10T20:24:28","date_gmt":"2024-10-10T17:24:28","guid":{"rendered":"https:\/\/sana.sy\/es\/?p=340175"},"modified":"2024-10-10T20:24:28","modified_gmt":"2024-10-10T17:24:28","slug":"israel-cometio-delitos-de-lesa-humanidad-denuncia-la-onu","status":"publish","type":"post","link":"https:\/\/archive.sana.sy\/es\/?p=340175","title":{"rendered":"Israel cometi\u00f3 delitos de lesa humanidad, denuncia la ONU"},"content":{"rendered":"<blockquote>\n<p style=\"text-align: justify;\"><span style=\"color: #993300;\">El documento asegura que el ministro de Seguridad de Israel, Itamar Ben Gvir, orden\u00f3 directamente el maltrato y la tortura de prisioneros palestinos.<\/span><\/p>\n<\/blockquote>\n<p style=\"text-align: justify;\"><span style=\"color: #800000;\"><strong>Damasco, 10 oct (SANA)<\/strong><\/span> Un reporte de la Comisi\u00f3n internacional independiente de investigaci\u00f3n sobre el territorio palestino ocupado denunci\u00f3 que &#8220;Israel&#8221; cometi\u00f3 delitos de lesa humanidad en Gaza y tortur\u00f3 pa risioneros.<\/p>\n<p style=\"text-align: justify;\">&#8220;Las fuerzas de &#8220;Israel&#8221; deliberadamente detuvieron, torturaron y asesinaron a personal m\u00e9dico y atacaron veh\u00edculos m\u00e9dicos durante su asedio a Gaza, a la vez que restringieron los permisos para dejar el territorio en busca de tratamiento m\u00e9dico&#8221;, dice el reporte.<\/p>\n<p style=\"text-align: justify;\">El documento asegura que el ministro de Seguridad de Israel, Itamar Ben Gvir, orden\u00f3 directamente el maltrato y la tortura de prisioneros palestinos.<\/p>\n<p style=\"text-align: justify;\">&#8220;El reporte hall\u00f3 que el maltrato institucional contra los detenidos palestinos, una arraigada caracter\u00edstica de la ocupaci\u00f3n israel\u00ed, tuvo lugar bajo \u00f3rdenes directas del ministro israel\u00ed a cargo del sistema de prisiones, Itamar Ben Gvir, y fue alentada por incitaciones a la violencia por parte del gobierno de Israel&#8221;, dice el documento.<\/p>\n<p style=\"text-align: justify;\">fm\/ahs<\/p>\n","protected":false},"excerpt":{"rendered":"<p>El documento asegura que el ministro de Seguridad de Israel, Itamar Ben Gvir, orden\u00f3 directamente el maltrato y la tortura de prisioneros palestinos. Damasco, 10 oct (SANA) Un reporte de la Comisi\u00f3n internacional independiente de investigaci\u00f3n sobre el territorio palestino ocupado denunci\u00f3 que &#8220;Israel&#8221; cometi\u00f3 delitos de lesa humanidad en Gaza y tortur\u00f3 pa risioneros. &hellip;<\/p>\n","protected":false},"author":43,"featured_media":340176,"comment_status":"closed","ping_status":"closed","sticky":false,"template":"","format":"standard","meta":{"footnotes":""},"categories":[597,456,16687,20724,7541],"tags":[],"class_list":["post-340175","post","type-post","status-publish","format-standard","has-post-thumbnail","","category-cinta-de-noticias","category-arabe-internacional-politica","category-internacionales","category-minuto-a-minuto","category-ultimas-noticias"],"_links":{"self":[{"href":"https:\/\/archive.sana.sy\/es\/index.php?rest_route=\/wp\/v2\/posts\/340175"}],"collection":[{"href":"https:\/\/archive.sana.sy\/es\/index.php?rest_route=\/wp\/v2\/posts"}],"about":[{"href":"https:\/\/archive.sana.sy\/es\/index.php?rest_route=\/wp\/v2\/types\/post"}],"author":[{"embeddable":true,"href":"https:\/\/archive.sana.sy\/es\/index.php?rest_route=\/wp\/v2\/users\/43"}],"replies":[{"embeddable":true,"href":"https:\/\/archive.sana.sy\/es\/index.php?rest_route=%2Fwp%2Fv2%2Fcomments&post=340175"}],"version-history":[{"count":1,"href":"https:\/\/archive.sana.sy\/es\/index.php?rest_route=\/wp\/v2\/posts\/340175\/revisions"}],"predecessor-version":[{"id":340177,"href":"https:\/\/archive.sana.sy\/es\/index.php?rest_route=\/wp\/v2\/posts\/340175\/revisions\/340177"}],"wp:featuredmedia":[{"embeddable":true,"href":"https:\/\/archive.sana.sy\/es\/index.php?rest_route=\/wp\/v2\/media\/340176"}],"wp:attachment":[{"href":"https:\/\/archive.sana.sy\/es\/index.php?rest_route=%2Fwp%2Fv2%2Fmedia&parent=340175"}],"wp:term":[{"taxonomy":"category","embeddable":true,"href":"https:\/\/archive.sana.sy\/es\/index.php?rest_route=%2Fwp%2Fv2%2Fcategories&post=340175"},{"taxonomy":"post_tag","embeddable":true,"href":"https:\/\/archive.sana.sy\/es\/index.php?rest_route=%2Fwp%2Fv2%2Ftags&post=340175"}],"curies":[{"name":"wp","href":"https:\/\/api.w.org\/{rel}","templated":true}]}}