{"id":340181,"date":"2024-10-11T10:53:20","date_gmt":"2024-10-11T07:53:20","guid":{"rendered":"https:\/\/sana.sy\/es\/?p=340181"},"modified":"2024-10-11T10:53:20","modified_gmt":"2024-10-11T07:53:20","slug":"grupo-arabe-en-la-onu-condena-agresiones-israelies-contra-siria-y-exige-fin-de-la-ocupacion-de-tierras-arabes","status":"publish","type":"post","link":"https:\/\/archive.sana.sy\/es\/?p=340181","title":{"rendered":"Grupo \u00c1rabe en la ONU condena agresiones israel\u00edes contra Siria y exige fin de la ocupaci\u00f3n de tierras \u00e1rabes"},"content":{"rendered":"<p style=\"text-align: justify;\"><span style=\"color: #800000;\"><strong>Nueva York, 11 oct (SANA)<\/strong> <\/span>El Grupo \u00c1rabe en las Naciones Unidas conden\u00f3 en\u00e9rgicamente las agresiones recurrentes de la entidad israel\u00ed contra Siria, y subray\u00f3 la necesidad de responsabilizar a \u201cIsrael\u201d y evitar que sus acciones queden impunes.<\/p>\n<p style=\"text-align: justify;\">El Grupo reiter\u00f3 la importancia de implementar las resoluciones de la ONU para poner fin a la ocupaci\u00f3n israel\u00ed en Palestina, Siria y L\u00edbano.<\/p>\n<p style=\"text-align: justify;\">Durante su intervenci\u00f3n, el embajador permanente de Mauritania, Sidi Mohamed Laghdaf, quien preside este mes el grupo \u00e1rabe, emiti\u00f3 una declaraci\u00f3n durante una sesi\u00f3n del Consejo de Seguridad dedicada a la situaci\u00f3n en Oriente Medio, incluidos los territorios palestinos ocupados.<\/p>\n<p style=\"text-align: justify;\">Laghdaf destac\u00f3 la urgencia de tomar medidas inmediatas para frenar las pol\u00edticas criminales de \u201cIsrael\u201d, que se caracterizan por la violencia, el derramamiento de sangre y la desestabilizaci\u00f3n de la regi\u00f3n, y exigi\u00f3 que se le responsabilice por sus cr\u00edmenes.<\/p>\n<p style=\"text-align: justify;\">El diplom\u00e1tico mauritano conden\u00f3 los recientes ataques israel\u00edes en Siria, que afectaron \u00e1reas residenciales y provocaron v\u00edctimas civiles, incluidos mujeres y ni\u00f1os.<\/p>\n<p style=\"text-align: justify;\">Asimismo, reiter\u00f3 la necesidad de implementar resoluciones de la ONU relacionadas con el fin de la ocupaci\u00f3n israel\u00ed en los territorios \u00e1rabes.<\/p>\n<p style=\"text-align: justify;\">Respecto a Palestina, Laghdaf destac\u00f3 que hace un a\u00f1o \u201cIsrael\u201d lanz\u00f3 una agresi\u00f3n sin precedentes contra Gaza, describi\u00e9ndola como una guerra de exterminio, en la que utiliz\u00f3 m\u00e9todos brutales con el objetivo de eliminar a la poblaci\u00f3n del enclave.<\/p>\n<p style=\"text-align: justify;\">Se\u00f1al\u00f3 que \u201cIsrael\u201d, bajo lemas como \u201csin electricidad, sin comida, sin agua, sin combustible\u201d, incluso lleg\u00f3 a deshumanizar a los habitantes del \u00e1rea, amenaz\u00f3 con utilizar armas nucleares contra ellos.<\/p>\n<p style=\"text-align: justify;\">\u201cEsta campa\u00f1a militar, que contin\u00faa durante un a\u00f1o, dej\u00f3 m\u00e1s de 42 mil muertos, 10 mil desaparecidos y 100 mil heridos, adem\u00e1s de centenares de miles de desplazados, en su mayor\u00eda mujeres y ni\u00f1os\u201d, dendunci\u00f3.<\/p>\n<p style=\"text-align: justify;\">Laghdaf denunci\u00f3 que Gaza fue reducida a escombros y se convirti\u00f3 en una tumba colectiva ante la indiferencia de la comunidad internacional.<\/p>\n<p style=\"text-align: justify;\">Tambi\u00e9n, el embajador urgi\u00f3 a la comunidad internacional a actuar antes de que sea demasiado tarde, pidiendo un acuerdo para un alto el fuego en Gaza y la rendici\u00f3n de cuentas de \u201cIsrael\u201d por sus cr\u00edmenes.<\/p>\n<p style=\"text-align: justify;\">Critic\u00f3 la ineficacia del Consejo de Seguridad, cuya incapacidad para imponer un cese al fuego ha empeorado la situaci\u00f3n, agravando el sufrimiento en Gaza y cuestionando la credibilidad del Consejo como garante de la paz y la seguridad global.<\/p>\n<p style=\"text-align: justify;\">Asimismo, se\u00f1al\u00f3 que, mientras el Consejo fracasa en sus funciones, las naciones que apoyan a Israel contin\u00faan proporcion\u00e1ndole armas y protecci\u00f3n pol\u00edtica.<\/p>\n<p style=\"text-align: justify;\">\u201cEsto contrasta con los esfuerzos internacionales para limitar su acceso a armamento, respaldados por la resoluci\u00f3n de la Asamblea General de la ONU tras la opini\u00f3n de la Corte Internacional de Justicia en julio, que inst\u00f3 a poner fin a la ocupaci\u00f3n ilegal israel\u00ed en Palestina, incluida Jerusal\u00e9n\u201d, asever\u00f3.<\/p>\n<p style=\"text-align: justify;\">Finalmente, el representante mauritano advirti\u00f3 que es urgente tomar medidas en consonancia con el derecho internacional para poner fin a la guerra en Gaza, que ahora ha entrado en su segundo a\u00f1o.<\/p>\n<p style=\"text-align: justify;\">Advirti\u00f3 que la escalada del conflicto podr\u00eda desatar una guerra regional que afectar\u00eda a L\u00edbano y Siria, llevando al caos tanto a la regi\u00f3n como al mundo, debido a la intransigencia del gobierno de Netanyahu, que sigue alimentando la violencia y desestabilizaci\u00f3n por su ideolog\u00eda belicista y chauvinista.<\/p>\n<p style=\"text-align: justify;\"><em><strong>ah<\/strong><\/em><\/p>\n","protected":false},"excerpt":{"rendered":"<p>Nueva York, 11 oct (SANA) El Grupo \u00c1rabe en las Naciones Unidas conden\u00f3 en\u00e9rgicamente las agresiones recurrentes de la entidad israel\u00ed contra Siria, y subray\u00f3 la necesidad de responsabilizar a \u201cIsrael\u201d y evitar que sus acciones queden impunes. El Grupo reiter\u00f3 la importancia de implementar las resoluciones de la ONU para poner fin a la &hellip;<\/p>\n","protected":false},"author":30,"featured_media":340182,"comment_status":"closed","ping_status":"closed","sticky":false,"template":"","format":"standard","meta":{"footnotes":""},"categories":[597,20724,467,7541],"tags":[],"class_list":["post-340181","post","type-post","status-publish","format-standard","has-post-thumbnail","","category-cinta-de-noticias","category-minuto-a-minuto","category-siria-y-el-mundo","category-ultimas-noticias"],"_links":{"self":[{"href":"https:\/\/archive.sana.sy\/es\/index.php?rest_route=\/wp\/v2\/posts\/340181"}],"collection":[{"href":"https:\/\/archive.sana.sy\/es\/index.php?rest_route=\/wp\/v2\/posts"}],"about":[{"href":"https:\/\/archive.sana.sy\/es\/index.php?rest_route=\/wp\/v2\/types\/post"}],"author":[{"embeddable":true,"href":"https:\/\/archive.sana.sy\/es\/index.php?rest_route=\/wp\/v2\/users\/30"}],"replies":[{"embeddable":true,"href":"https:\/\/archive.sana.sy\/es\/index.php?rest_route=%2Fwp%2Fv2%2Fcomments&post=340181"}],"version-history":[{"count":1,"href":"https:\/\/archive.sana.sy\/es\/index.php?rest_route=\/wp\/v2\/posts\/340181\/revisions"}],"predecessor-version":[{"id":340183,"href":"https:\/\/archive.sana.sy\/es\/index.php?rest_route=\/wp\/v2\/posts\/340181\/revisions\/340183"}],"wp:featuredmedia":[{"embeddable":true,"href":"https:\/\/archive.sana.sy\/es\/index.php?rest_route=\/wp\/v2\/media\/340182"}],"wp:attachment":[{"href":"https:\/\/archive.sana.sy\/es\/index.php?rest_route=%2Fwp%2Fv2%2Fmedia&parent=340181"}],"wp:term":[{"taxonomy":"category","embeddable":true,"href":"https:\/\/archive.sana.sy\/es\/index.php?rest_route=%2Fwp%2Fv2%2Fcategories&post=340181"},{"taxonomy":"post_tag","embeddable":true,"href":"https:\/\/archive.sana.sy\/es\/index.php?rest_route=%2Fwp%2Fv2%2Ftags&post=340181"}],"curies":[{"name":"wp","href":"https:\/\/api.w.org\/{rel}","templated":true}]}}