{"id":340187,"date":"2024-10-11T12:34:39","date_gmt":"2024-10-11T09:34:39","guid":{"rendered":"https:\/\/sana.sy\/es\/?p=340187"},"modified":"2024-10-11T12:34:39","modified_gmt":"2024-10-11T09:34:39","slug":"defensaa-antiaereas-rusas-derriban-diez-drones-ucranianos-en-cuatro-regiones","status":"publish","type":"post","link":"https:\/\/archive.sana.sy\/es\/?p=340187","title":{"rendered":"Defensaa antia\u00e9reas rusas derriban diez drones ucranianos en cuatro regiones"},"content":{"rendered":"<p style=\"text-align: justify;\"><span style=\"color: #800000;\"><strong>Mosc\u00fa, 11 oct (SANA)<\/strong><\/span> El Ministerio de Defensa ruso anunci\u00f3 este viernes la destrucci\u00f3n de diez drones ucranianos sobre las regiones de Rostov, Belgorod, Briansk y Kursk.<\/p>\n<p style=\"text-align: justify;\">Seg\u00fan cit\u00f3 la agencia Sputnik al ente castrense que, durante la noche anterior, se interrumpieron los intentos del r\u00e9gimen de Kiev de llevar a cabo ataques terroristas contra objetivos en territorio de la Federaci\u00f3n Rusa, donde los sistemas de defensa a\u00e9rea derribaron diez drones.<\/p>\n<p style=\"text-align: justify;\">\u201cCuatro drones fueron derribados sobre la regi\u00f3n de Rostov, tres sobre Belgorod, dos sobre Briansk y uno sobre Kursk\u201d, detall\u00f3 el ente castrense.<\/p>\n<p style=\"text-align: justify;\">Las fuerzas ucranianas atacan con drones y misiles, casi a diario, las zonas fronterizas rusas en Crimea y las regiones de Belgorod, Briansk, Kursk y Vor\u00f3nezh, en busca de sembrar el terror entre la poblaci\u00f3n civil.<\/p>\n<p style=\"text-align: justify;\"><em><strong>ah<\/strong><\/em><\/p>\n","protected":false},"excerpt":{"rendered":"<p>Mosc\u00fa, 11 oct (SANA) El Ministerio de Defensa ruso anunci\u00f3 este viernes la destrucci\u00f3n de diez drones ucranianos sobre las regiones de Rostov, Belgorod, Briansk y Kursk. Seg\u00fan cit\u00f3 la agencia Sputnik al ente castrense que, durante la noche anterior, se interrumpieron los intentos del r\u00e9gimen de Kiev de llevar a cabo ataques terroristas contra &hellip;<\/p>\n","protected":false},"author":30,"featured_media":340188,"comment_status":"closed","ping_status":"closed","sticky":false,"template":"","format":"standard","meta":{"footnotes":""},"categories":[597,456,20724,7541],"tags":[],"class_list":["post-340187","post","type-post","status-publish","format-standard","has-post-thumbnail","","category-cinta-de-noticias","category-arabe-internacional-politica","category-minuto-a-minuto","category-ultimas-noticias"],"_links":{"self":[{"href":"https:\/\/archive.sana.sy\/es\/index.php?rest_route=\/wp\/v2\/posts\/340187"}],"collection":[{"href":"https:\/\/archive.sana.sy\/es\/index.php?rest_route=\/wp\/v2\/posts"}],"about":[{"href":"https:\/\/archive.sana.sy\/es\/index.php?rest_route=\/wp\/v2\/types\/post"}],"author":[{"embeddable":true,"href":"https:\/\/archive.sana.sy\/es\/index.php?rest_route=\/wp\/v2\/users\/30"}],"replies":[{"embeddable":true,"href":"https:\/\/archive.sana.sy\/es\/index.php?rest_route=%2Fwp%2Fv2%2Fcomments&post=340187"}],"version-history":[{"count":1,"href":"https:\/\/archive.sana.sy\/es\/index.php?rest_route=\/wp\/v2\/posts\/340187\/revisions"}],"predecessor-version":[{"id":340189,"href":"https:\/\/archive.sana.sy\/es\/index.php?rest_route=\/wp\/v2\/posts\/340187\/revisions\/340189"}],"wp:featuredmedia":[{"embeddable":true,"href":"https:\/\/archive.sana.sy\/es\/index.php?rest_route=\/wp\/v2\/media\/340188"}],"wp:attachment":[{"href":"https:\/\/archive.sana.sy\/es\/index.php?rest_route=%2Fwp%2Fv2%2Fmedia&parent=340187"}],"wp:term":[{"taxonomy":"category","embeddable":true,"href":"https:\/\/archive.sana.sy\/es\/index.php?rest_route=%2Fwp%2Fv2%2Fcategories&post=340187"},{"taxonomy":"post_tag","embeddable":true,"href":"https:\/\/archive.sana.sy\/es\/index.php?rest_route=%2Fwp%2Fv2%2Ftags&post=340187"}],"curies":[{"name":"wp","href":"https:\/\/api.w.org\/{rel}","templated":true}]}}