{"id":340202,"date":"2024-10-11T13:48:06","date_gmt":"2024-10-11T10:48:06","guid":{"rendered":"https:\/\/sana.sy\/es\/?p=340202"},"modified":"2024-10-11T13:48:06","modified_gmt":"2024-10-11T10:48:06","slug":"resistencia-iraqui-ataca-con-drones-blancos-israelies-en-palestina-ocupada","status":"publish","type":"post","link":"https:\/\/archive.sana.sy\/es\/?p=340202","title":{"rendered":"Resistencia iraqu\u00ed ataca con drones blancos israel\u00edes en Palestina ocupada"},"content":{"rendered":"<p style=\"text-align: justify;\"><span style=\"color: #800000;\"><strong>Bagdad, 11 oct (SANA)<\/strong> <\/span>La resistencia iraqu\u00ed atac\u00f3 con drones, esta ma\u00f1ana, un blanco militar israel\u00ed vital en \u201cEilat\u201d, la ciudad ocupada de Um Rashrash.<\/p>\n<p style=\"text-align: justify;\">En un comunicado, la resistencia iraqu\u00ed se\u00f1al\u00f3 que este ataque se enmarca en sus contin\u00faas acciones castrenses contra la ocupaci\u00f3n israel\u00ed, y en apoyo al pueblo en Palestina y L\u00edbano, y como respuesta a las masacres cometidas por la entidad usurpadora contra civiles, incluidos ni\u00f1os, mujeres y ancianos.<\/p>\n<p style=\"text-align: justify;\">Reafirm\u00f3 su determinaci\u00f3n de continuar sus operaciones contra las posiciones del enemigo de manera creciente.<\/p>\n<p style=\"text-align: justify;\">La resistencia iraqu\u00ed tambi\u00e9n hab\u00eda atacado con drones dos objetivos vitales del enemigo israel\u00ed, ayer jueves, en el norte de los territorios palestinos ocupados, mientras que en d\u00edas anteriores atac\u00f3 un objetivo vital del enemigo en la ocupada Um Rashrash.<\/p>\n<p style=\"text-align: justify;\"><em><strong>ah<\/strong><\/em><\/p>\n","protected":false},"excerpt":{"rendered":"<p>Bagdad, 11 oct (SANA) La resistencia iraqu\u00ed atac\u00f3 con drones, esta ma\u00f1ana, un blanco militar israel\u00ed vital en \u201cEilat\u201d, la ciudad ocupada de Um Rashrash. En un comunicado, la resistencia iraqu\u00ed se\u00f1al\u00f3 que este ataque se enmarca en sus contin\u00faas acciones castrenses contra la ocupaci\u00f3n israel\u00ed, y en apoyo al pueblo en Palestina y L\u00edbano, &hellip;<\/p>\n","protected":false},"author":30,"featured_media":340203,"comment_status":"closed","ping_status":"closed","sticky":false,"template":"","format":"standard","meta":{"footnotes":""},"categories":[597,456,20724,7541],"tags":[],"class_list":["post-340202","post","type-post","status-publish","format-standard","has-post-thumbnail","","category-cinta-de-noticias","category-arabe-internacional-politica","category-minuto-a-minuto","category-ultimas-noticias"],"_links":{"self":[{"href":"https:\/\/archive.sana.sy\/es\/index.php?rest_route=\/wp\/v2\/posts\/340202"}],"collection":[{"href":"https:\/\/archive.sana.sy\/es\/index.php?rest_route=\/wp\/v2\/posts"}],"about":[{"href":"https:\/\/archive.sana.sy\/es\/index.php?rest_route=\/wp\/v2\/types\/post"}],"author":[{"embeddable":true,"href":"https:\/\/archive.sana.sy\/es\/index.php?rest_route=\/wp\/v2\/users\/30"}],"replies":[{"embeddable":true,"href":"https:\/\/archive.sana.sy\/es\/index.php?rest_route=%2Fwp%2Fv2%2Fcomments&post=340202"}],"version-history":[{"count":1,"href":"https:\/\/archive.sana.sy\/es\/index.php?rest_route=\/wp\/v2\/posts\/340202\/revisions"}],"predecessor-version":[{"id":340204,"href":"https:\/\/archive.sana.sy\/es\/index.php?rest_route=\/wp\/v2\/posts\/340202\/revisions\/340204"}],"wp:featuredmedia":[{"embeddable":true,"href":"https:\/\/archive.sana.sy\/es\/index.php?rest_route=\/wp\/v2\/media\/340203"}],"wp:attachment":[{"href":"https:\/\/archive.sana.sy\/es\/index.php?rest_route=%2Fwp%2Fv2%2Fmedia&parent=340202"}],"wp:term":[{"taxonomy":"category","embeddable":true,"href":"https:\/\/archive.sana.sy\/es\/index.php?rest_route=%2Fwp%2Fv2%2Fcategories&post=340202"},{"taxonomy":"post_tag","embeddable":true,"href":"https:\/\/archive.sana.sy\/es\/index.php?rest_route=%2Fwp%2Fv2%2Ftags&post=340202"}],"curies":[{"name":"wp","href":"https:\/\/api.w.org\/{rel}","templated":true}]}}