{"id":340205,"date":"2024-10-11T13:56:19","date_gmt":"2024-10-11T10:56:19","guid":{"rendered":"https:\/\/sana.sy\/es\/?p=340205"},"modified":"2024-10-11T13:56:19","modified_gmt":"2024-10-11T10:56:19","slug":"fuerzas-armadas-de-yemen-atacan-dos-buques-estadounidenses-en-el-mar-rojo-y-el-oceano-indico","status":"publish","type":"post","link":"https:\/\/archive.sana.sy\/es\/?p=340205","title":{"rendered":"Fuerzas Armadas de Yemen atacan dos buques estadounidenses en el mar Rojo y el oc\u00e9ano \u00cdndico"},"content":{"rendered":"<p style=\"text-align: justify;\"><span style=\"color: #800000;\"><strong>San\u00e1, 11 oct (SANA)<\/strong> <\/span>Las Fuerzas Armadas de Yemen anunciaron este jueves un ataque contra dos buques estadounidenses en el mar Rojo y el oc\u00e9ano \u00cdndico, como apoyo a las resistencias palestina y libanesa, y en respuesta a las agresiones estadounidenses y brit\u00e1nicas contra Yemen.<\/p>\n<p style=\"text-align: justify;\">Seg\u00fan inform\u00f3 la agencia de noticias yemen\u00ed, Saba, las fuerzas armadas detallaron en un comunicado que la primera operaci\u00f3n, se llev\u00f3 a cabo con 11 misiles bal\u00edsticos y dos drones y fue ejecutada por la fuerzas misil\u00edsticas, de drones y navales contra el buque petrolero estadounidense <em>Olympic Spirit.<\/em><\/p>\n<p style=\"text-align: justify;\">\u201cEn la segunda operaci\u00f3n, atacamos con un misil alado al buque <em>ST John <\/em>en el oc\u00e9ano \u00cdndico, debido a la violaci\u00f3n de la empresa propietaria del barco a la prohibici\u00f3n de acceso a los puertos de Palestina ocupada&#8221;, comunicaron las fuerzas armadas yemen\u00edes.<\/p>\n<p style=\"text-align: justify;\">El comunicado tambi\u00e9n indic\u00f3 que ambos buques fueron impactados de manera directa y precisa.<\/p>\n<p style=\"text-align: justify;\">Las fuerzas armadas yemen\u00edes reafirmaron la continuaci\u00f3n del bloqueo mar\u00edtimo impuesto contra el enemigo israel\u00ed y que no detendr\u00e1n sus operaciones en la zona de operaciones navales hasta que se ponga fin a las agresiones y se levante el bloqueo sobre la Franja de Gaza, as\u00ed como la agresi\u00f3n a L\u00edbano.<\/p>\n<p style=\"text-align: justify;\"><em><strong>ah<\/strong><\/em><\/p>\n","protected":false},"excerpt":{"rendered":"<p>San\u00e1, 11 oct (SANA) Las Fuerzas Armadas de Yemen anunciaron este jueves un ataque contra dos buques estadounidenses en el mar Rojo y el oc\u00e9ano \u00cdndico, como apoyo a las resistencias palestina y libanesa, y en respuesta a las agresiones estadounidenses y brit\u00e1nicas contra Yemen. Seg\u00fan inform\u00f3 la agencia de noticias yemen\u00ed, Saba, las fuerzas &hellip;<\/p>\n","protected":false},"author":30,"featured_media":340206,"comment_status":"closed","ping_status":"closed","sticky":false,"template":"","format":"standard","meta":{"footnotes":""},"categories":[597,456,20724,7541],"tags":[],"class_list":["post-340205","post","type-post","status-publish","format-standard","has-post-thumbnail","","category-cinta-de-noticias","category-arabe-internacional-politica","category-minuto-a-minuto","category-ultimas-noticias"],"_links":{"self":[{"href":"https:\/\/archive.sana.sy\/es\/index.php?rest_route=\/wp\/v2\/posts\/340205"}],"collection":[{"href":"https:\/\/archive.sana.sy\/es\/index.php?rest_route=\/wp\/v2\/posts"}],"about":[{"href":"https:\/\/archive.sana.sy\/es\/index.php?rest_route=\/wp\/v2\/types\/post"}],"author":[{"embeddable":true,"href":"https:\/\/archive.sana.sy\/es\/index.php?rest_route=\/wp\/v2\/users\/30"}],"replies":[{"embeddable":true,"href":"https:\/\/archive.sana.sy\/es\/index.php?rest_route=%2Fwp%2Fv2%2Fcomments&post=340205"}],"version-history":[{"count":1,"href":"https:\/\/archive.sana.sy\/es\/index.php?rest_route=\/wp\/v2\/posts\/340205\/revisions"}],"predecessor-version":[{"id":340207,"href":"https:\/\/archive.sana.sy\/es\/index.php?rest_route=\/wp\/v2\/posts\/340205\/revisions\/340207"}],"wp:featuredmedia":[{"embeddable":true,"href":"https:\/\/archive.sana.sy\/es\/index.php?rest_route=\/wp\/v2\/media\/340206"}],"wp:attachment":[{"href":"https:\/\/archive.sana.sy\/es\/index.php?rest_route=%2Fwp%2Fv2%2Fmedia&parent=340205"}],"wp:term":[{"taxonomy":"category","embeddable":true,"href":"https:\/\/archive.sana.sy\/es\/index.php?rest_route=%2Fwp%2Fv2%2Fcategories&post=340205"},{"taxonomy":"post_tag","embeddable":true,"href":"https:\/\/archive.sana.sy\/es\/index.php?rest_route=%2Fwp%2Fv2%2Ftags&post=340205"}],"curies":[{"name":"wp","href":"https:\/\/api.w.org\/{rel}","templated":true}]}}