{"id":340209,"date":"2024-10-11T14:59:39","date_gmt":"2024-10-11T11:59:39","guid":{"rendered":"https:\/\/sana.sy\/es\/?p=340209"},"modified":"2024-10-11T15:23:40","modified_gmt":"2024-10-11T12:23:40","slug":"ejercito-israeli-asesina-e-hiere-a-decenas-de-palestinos-en-nuevos-bombardeos-a-gaza","status":"publish","type":"post","link":"https:\/\/archive.sana.sy\/es\/?p=340209","title":{"rendered":"Ej\u00e9rcito israel\u00ed asesina e hiere a decenas de palestinos en nuevos bombardeos a Gaza"},"content":{"rendered":"<p style=\"text-align: justify;\"><strong><span style=\"color: #800000;\">Jerusal\u00e9n ocupada, 11 oct (SANA)<\/span> <\/strong>11 palestinos fueron asesinados y otros resultaron heridos esta ma\u00f1ana como resultado de ataques israel\u00edes a la Franja de Gaza.<\/p>\n<p style=\"text-align: justify;\">La Agencia Palestina Wafa inform\u00f3 que ocho palestinos perdieron la vida y otros resultaron heridos debido a bombardeos de artiller\u00eda del ocupante contra viviendas en el \u00e1rea de Al-Faluga y las cercan\u00edas del club deportivo en Jabalia, en el norte de la Franja de Gaza, as\u00ed como en el barrio de Al-Saftawi, en la referida ciudad.<\/p>\n<p style=\"text-align: justify;\">Adem\u00e1s, tres palestinos tambi\u00e9n fueron asesinados y otros resultaron lesionados a consecuencia de bombardeos del enemigos sionista contra una casa y un grupo de palestinos en Deir al-Balah y el campamento de al-Maghazi en el centro de la Franja.<\/p>\n<p style=\"text-align: justify;\">El Ministerio de Salud palestino anunci\u00f3 ayer que el n\u00famero de v\u00edctimas de la agresi\u00f3n en curso en la Franja de Gaza hab\u00eda aumentado a 42.065 muertos y 97.886 heridos.<\/p>\n<p style=\"text-align: justify;\">La referida entidad detall\u00f3 que, a\u00fan varias v\u00edctimas siguen bajo los escombros y en las carreteras, y los equipos de defensa civil y las ambulancias no pueden alcanzarlos.<\/p>\n<p style=\"text-align: justify;\">sm<\/p>\n","protected":false},"excerpt":{"rendered":"<p>Jerusal\u00e9n ocupada, 11 oct (SANA) 11 palestinos fueron asesinados y otros resultaron heridos esta ma\u00f1ana como resultado de ataques israel\u00edes a la Franja de Gaza. La Agencia Palestina Wafa inform\u00f3 que ocho palestinos perdieron la vida y otros resultaron heridos debido a bombardeos de artiller\u00eda del ocupante contra viviendas en el \u00e1rea de Al-Faluga y &hellip;<\/p>\n","protected":false},"author":39,"featured_media":340210,"comment_status":"closed","ping_status":"closed","sticky":false,"template":"","format":"standard","meta":{"footnotes":""},"categories":[597,456,16687,20724,7541],"tags":[],"class_list":["post-340209","post","type-post","status-publish","format-standard","has-post-thumbnail","","category-cinta-de-noticias","category-arabe-internacional-politica","category-internacionales","category-minuto-a-minuto","category-ultimas-noticias"],"_links":{"self":[{"href":"https:\/\/archive.sana.sy\/es\/index.php?rest_route=\/wp\/v2\/posts\/340209"}],"collection":[{"href":"https:\/\/archive.sana.sy\/es\/index.php?rest_route=\/wp\/v2\/posts"}],"about":[{"href":"https:\/\/archive.sana.sy\/es\/index.php?rest_route=\/wp\/v2\/types\/post"}],"author":[{"embeddable":true,"href":"https:\/\/archive.sana.sy\/es\/index.php?rest_route=\/wp\/v2\/users\/39"}],"replies":[{"embeddable":true,"href":"https:\/\/archive.sana.sy\/es\/index.php?rest_route=%2Fwp%2Fv2%2Fcomments&post=340209"}],"version-history":[{"count":1,"href":"https:\/\/archive.sana.sy\/es\/index.php?rest_route=\/wp\/v2\/posts\/340209\/revisions"}],"predecessor-version":[{"id":340211,"href":"https:\/\/archive.sana.sy\/es\/index.php?rest_route=\/wp\/v2\/posts\/340209\/revisions\/340211"}],"wp:featuredmedia":[{"embeddable":true,"href":"https:\/\/archive.sana.sy\/es\/index.php?rest_route=\/wp\/v2\/media\/340210"}],"wp:attachment":[{"href":"https:\/\/archive.sana.sy\/es\/index.php?rest_route=%2Fwp%2Fv2%2Fmedia&parent=340209"}],"wp:term":[{"taxonomy":"category","embeddable":true,"href":"https:\/\/archive.sana.sy\/es\/index.php?rest_route=%2Fwp%2Fv2%2Fcategories&post=340209"},{"taxonomy":"post_tag","embeddable":true,"href":"https:\/\/archive.sana.sy\/es\/index.php?rest_route=%2Fwp%2Fv2%2Ftags&post=340209"}],"curies":[{"name":"wp","href":"https:\/\/api.w.org\/{rel}","templated":true}]}}