{"id":340218,"date":"2024-10-11T15:43:37","date_gmt":"2024-10-11T12:43:37","guid":{"rendered":"https:\/\/sana.sy\/es\/?p=340218"},"modified":"2024-10-11T15:43:37","modified_gmt":"2024-10-11T12:43:37","slug":"espana-pide-a-la-comunidad-internacional-que-deje-de-suministrar-armas-a-israel","status":"publish","type":"post","link":"https:\/\/archive.sana.sy\/es\/?p=340218","title":{"rendered":"Espa\u00f1a pide a la comunidad internacional que deje de suministrar armas a \u201cIsrael\u201d"},"content":{"rendered":"<p style=\"text-align: justify;\"><span style=\"color: #800000;\"><strong>Madrid, 11 oct (SANA) <\/strong><\/span>El presidente del Gobierno espa\u00f1ol, Pedro S\u00e1nchez, pidi\u00f3 hoy a la comunidad internacional que deje de suministrar armas a \u201cIsrael\u201d.<\/p>\n<p style=\"text-align: justify;\">\u201cCreo que hay una necesidad urgente, a la luz de todo lo que est\u00e1 sucediendo en Oriente Medio, de que la comunidad internacional deje de exportar armas al gobierno israel\u00ed\u201d, dijo S\u00e1nchez a los periodistas tras un encuentro con el Papa Francisco en el Vaticano, seg\u00fan inform\u00f3 la agencia de noticias France-Presse.<\/p>\n<p style=\"text-align: justify;\">Asimismo, destac\u00f3 la necesidad de no contribuir de una forma u otra a la escalada y expansi\u00f3n de la violencia y la guerra en Gaza y Cisjordania, o en este caso en el L\u00edbano.<\/p>\n<p style=\"text-align: justify;\">El pasado mi\u00e9rcoles, el alto funcionario del pa\u00eds europeo calific\u00f3 de invasi\u00f3n la agresi\u00f3n israel\u00ed contra el L\u00edbano y llam\u00f3 a la comunidad internacional a tomar medidas para detenerla.<\/p>\n<p style=\"text-align: justify;\">sm<\/p>\n","protected":false},"excerpt":{"rendered":"<p>Madrid, 11 oct (SANA) El presidente del Gobierno espa\u00f1ol, Pedro S\u00e1nchez, pidi\u00f3 hoy a la comunidad internacional que deje de suministrar armas a \u201cIsrael\u201d. \u201cCreo que hay una necesidad urgente, a la luz de todo lo que est\u00e1 sucediendo en Oriente Medio, de que la comunidad internacional deje de exportar armas al gobierno israel\u00ed\u201d, dijo &hellip;<\/p>\n","protected":false},"author":39,"featured_media":340219,"comment_status":"closed","ping_status":"closed","sticky":false,"template":"","format":"standard","meta":{"footnotes":""},"categories":[597,456,16687,20724,7541],"tags":[],"class_list":["post-340218","post","type-post","status-publish","format-standard","has-post-thumbnail","","category-cinta-de-noticias","category-arabe-internacional-politica","category-internacionales","category-minuto-a-minuto","category-ultimas-noticias"],"_links":{"self":[{"href":"https:\/\/archive.sana.sy\/es\/index.php?rest_route=\/wp\/v2\/posts\/340218"}],"collection":[{"href":"https:\/\/archive.sana.sy\/es\/index.php?rest_route=\/wp\/v2\/posts"}],"about":[{"href":"https:\/\/archive.sana.sy\/es\/index.php?rest_route=\/wp\/v2\/types\/post"}],"author":[{"embeddable":true,"href":"https:\/\/archive.sana.sy\/es\/index.php?rest_route=\/wp\/v2\/users\/39"}],"replies":[{"embeddable":true,"href":"https:\/\/archive.sana.sy\/es\/index.php?rest_route=%2Fwp%2Fv2%2Fcomments&post=340218"}],"version-history":[{"count":1,"href":"https:\/\/archive.sana.sy\/es\/index.php?rest_route=\/wp\/v2\/posts\/340218\/revisions"}],"predecessor-version":[{"id":340220,"href":"https:\/\/archive.sana.sy\/es\/index.php?rest_route=\/wp\/v2\/posts\/340218\/revisions\/340220"}],"wp:featuredmedia":[{"embeddable":true,"href":"https:\/\/archive.sana.sy\/es\/index.php?rest_route=\/wp\/v2\/media\/340219"}],"wp:attachment":[{"href":"https:\/\/archive.sana.sy\/es\/index.php?rest_route=%2Fwp%2Fv2%2Fmedia&parent=340218"}],"wp:term":[{"taxonomy":"category","embeddable":true,"href":"https:\/\/archive.sana.sy\/es\/index.php?rest_route=%2Fwp%2Fv2%2Fcategories&post=340218"},{"taxonomy":"post_tag","embeddable":true,"href":"https:\/\/archive.sana.sy\/es\/index.php?rest_route=%2Fwp%2Fv2%2Ftags&post=340218"}],"curies":[{"name":"wp","href":"https:\/\/api.w.org\/{rel}","templated":true}]}}