{"id":340234,"date":"2024-10-11T19:39:20","date_gmt":"2024-10-11T16:39:20","guid":{"rendered":"https:\/\/sana.sy\/es\/?p=340234"},"modified":"2024-10-11T19:39:20","modified_gmt":"2024-10-11T16:39:20","slug":"india-irlanda-y-francia-condenan-ataques-israelies-a-la-fpnul-en-el-sur-del-libano","status":"publish","type":"post","link":"https:\/\/archive.sana.sy\/es\/?p=340234","title":{"rendered":"India, Irlanda y Francia condenan ataques israel\u00edes a la FPNUL en el sur del L\u00edbano"},"content":{"rendered":"<p style=\"text-align: justify;\"><span style=\"color: #800000;\"><strong>Capitales, 11 oct (SANA)<\/strong><\/span> India denunci\u00f3 la agresi\u00f3n israel\u00ed contra las Fuerzas Internacionales de Mantenimiento de la Paz de las Naciones Unidas \u201cFPNUL\u201d en el sur del L\u00edbano.<\/p>\n<p style=\"text-align: justify;\">&#8220;Estamos preocupados por el deterioro de la situaci\u00f3n de seguridad en el sur del L\u00edbano y a lo largo de la l\u00ednea fronteriza y continuamos monitoreando la situaci\u00f3n de cerca&#8221;, anunci\u00f3 el gobierno indio hoy en un comunicado.<\/p>\n<p style=\"text-align: justify;\">Enfatiz\u00f3 la necesidad de &#8220;respetar la santidad de los edificios de las Naciones Unidas y tomar medidas apropiadas para garantizar la seguridad de las fuerzas de la FPNUL y la santidad de su mandato\u201d.<\/p>\n<p style=\"text-align: justify;\">Asimismo, el primer ministro irland\u00e9s, Simon Harris, y su ministro de Asuntos Exteriores, Michael Martin, condenaron hoy el ataque israel\u00ed a la fuerza de la FPNUL.<\/p>\n<p style=\"text-align: justify;\">Por su parte, el Ministerio de Asuntos Exteriores franc\u00e9s convoc\u00f3 al embajador de \u201cIsrael\u201d en Par\u00eds en protesta por la agresi\u00f3n de su pa\u00eds contra las fuerzas de FPNUL en el sur del L\u00edbano.<\/p>\n<p style=\"text-align: justify;\">En v\u00edsperas, cuatro miembros de las mencionadas fuerzas de la ONU, dos de ellos de nacionalidad indonesia y los otros dos de Sri Lanka, resultaron heridos tras ataques israel\u00edes contra su cuartel general en la localidad libanesa de Naqoura.<\/p>\n<p>ahs\/sm<\/p>\n","protected":false},"excerpt":{"rendered":"<p>Capitales, 11 oct (SANA) India denunci\u00f3 la agresi\u00f3n israel\u00ed contra las Fuerzas Internacionales de Mantenimiento de la Paz de las Naciones Unidas \u201cFPNUL\u201d en el sur del L\u00edbano. &#8220;Estamos preocupados por el deterioro de la situaci\u00f3n de seguridad en el sur del L\u00edbano y a lo largo de la l\u00ednea fronteriza y continuamos monitoreando la &hellip;<\/p>\n","protected":false},"author":43,"featured_media":340235,"comment_status":"closed","ping_status":"closed","sticky":false,"template":"","format":"standard","meta":{"footnotes":""},"categories":[597,456,16687,20724,7541],"tags":[],"class_list":["post-340234","post","type-post","status-publish","format-standard","has-post-thumbnail","","category-cinta-de-noticias","category-arabe-internacional-politica","category-internacionales","category-minuto-a-minuto","category-ultimas-noticias"],"_links":{"self":[{"href":"https:\/\/archive.sana.sy\/es\/index.php?rest_route=\/wp\/v2\/posts\/340234"}],"collection":[{"href":"https:\/\/archive.sana.sy\/es\/index.php?rest_route=\/wp\/v2\/posts"}],"about":[{"href":"https:\/\/archive.sana.sy\/es\/index.php?rest_route=\/wp\/v2\/types\/post"}],"author":[{"embeddable":true,"href":"https:\/\/archive.sana.sy\/es\/index.php?rest_route=\/wp\/v2\/users\/43"}],"replies":[{"embeddable":true,"href":"https:\/\/archive.sana.sy\/es\/index.php?rest_route=%2Fwp%2Fv2%2Fcomments&post=340234"}],"version-history":[{"count":2,"href":"https:\/\/archive.sana.sy\/es\/index.php?rest_route=\/wp\/v2\/posts\/340234\/revisions"}],"predecessor-version":[{"id":340237,"href":"https:\/\/archive.sana.sy\/es\/index.php?rest_route=\/wp\/v2\/posts\/340234\/revisions\/340237"}],"wp:featuredmedia":[{"embeddable":true,"href":"https:\/\/archive.sana.sy\/es\/index.php?rest_route=\/wp\/v2\/media\/340235"}],"wp:attachment":[{"href":"https:\/\/archive.sana.sy\/es\/index.php?rest_route=%2Fwp%2Fv2%2Fmedia&parent=340234"}],"wp:term":[{"taxonomy":"category","embeddable":true,"href":"https:\/\/archive.sana.sy\/es\/index.php?rest_route=%2Fwp%2Fv2%2Fcategories&post=340234"},{"taxonomy":"post_tag","embeddable":true,"href":"https:\/\/archive.sana.sy\/es\/index.php?rest_route=%2Fwp%2Fv2%2Ftags&post=340234"}],"curies":[{"name":"wp","href":"https:\/\/api.w.org\/{rel}","templated":true}]}}