{"id":340244,"date":"2024-10-12T09:58:19","date_gmt":"2024-10-12T06:58:19","guid":{"rendered":"https:\/\/sana.sy\/es\/?p=340244"},"modified":"2024-10-12T09:58:19","modified_gmt":"2024-10-12T06:58:19","slug":"israel-intensifica-agresiones-contra-sur-de-libano-y-deja-al-menos-12-muertos-y-17-heridos","status":"publish","type":"post","link":"https:\/\/archive.sana.sy\/es\/?p=340244","title":{"rendered":"\u201cIsrael\u201d intensifica agresiones contra sur de L\u00edbano y deja al menos 12 muertos y 17 heridos"},"content":{"rendered":"<p style=\"text-align: justify;\"><span style=\"color: #800000;\"><strong>Beirut, 12 oct (SANA)<\/strong><\/span> El Ministerio de Salud de L\u00edbano confirm\u00f3 hoy la muerte de 12 personas y 17 heridos como resultado de las intensas agresiones israel\u00edes contra diversas localidades del sur del pa\u00eds, as\u00ed como en la regi\u00f3n de Baalbek-Hermel, durante la pasada noche.<\/p>\n<p style=\"text-align: justify;\">Seg\u00fan inform\u00f3 la Agencia Nacional de Noticias de L\u00edbano, el Centro de Operaciones de Emergencia de Salud detall\u00f3 que uno de los bombardeos contra la localidad de Al-Baysariya result\u00f3 en tres muertos, seis heridos y restos humanos esparcidos por el lugar.<\/p>\n<p style=\"text-align: justify;\">En otra agresi\u00f3n israel\u00ed contra la localidad de Ansariya, tres personas perdieron la vida y cinco m\u00e1s resultaron heridas, mientras los bombardeos contra las localidades de Al-Ghaziyeh y Adloun, tambi\u00e9n en el sur del pa\u00eds, dejaron un saldo de un muerto y un herido.<\/p>\n<p style=\"text-align: justify;\">Adem\u00e1s, en la regi\u00f3n de Baalbek-Hermel, el centro inform\u00f3 de la muerte de cinco personas y cinco heridos en agresiones israel\u00edes contra las localidades de Bawadi, Kafrdan y Al-Kiyal.<\/p>\n<p style=\"text-align: justify;\"><em><strong>ah<\/strong><\/em><\/p>\n","protected":false},"excerpt":{"rendered":"<p>Beirut, 12 oct (SANA) El Ministerio de Salud de L\u00edbano confirm\u00f3 hoy la muerte de 12 personas y 17 heridos como resultado de las intensas agresiones israel\u00edes contra diversas localidades del sur del pa\u00eds, as\u00ed como en la regi\u00f3n de Baalbek-Hermel, durante la pasada noche. Seg\u00fan inform\u00f3 la Agencia Nacional de Noticias de L\u00edbano, el &hellip;<\/p>\n","protected":false},"author":30,"featured_media":340245,"comment_status":"closed","ping_status":"closed","sticky":false,"template":"","format":"standard","meta":{"footnotes":""},"categories":[597,456,20724,7541],"tags":[],"class_list":["post-340244","post","type-post","status-publish","format-standard","has-post-thumbnail","","category-cinta-de-noticias","category-arabe-internacional-politica","category-minuto-a-minuto","category-ultimas-noticias"],"_links":{"self":[{"href":"https:\/\/archive.sana.sy\/es\/index.php?rest_route=\/wp\/v2\/posts\/340244"}],"collection":[{"href":"https:\/\/archive.sana.sy\/es\/index.php?rest_route=\/wp\/v2\/posts"}],"about":[{"href":"https:\/\/archive.sana.sy\/es\/index.php?rest_route=\/wp\/v2\/types\/post"}],"author":[{"embeddable":true,"href":"https:\/\/archive.sana.sy\/es\/index.php?rest_route=\/wp\/v2\/users\/30"}],"replies":[{"embeddable":true,"href":"https:\/\/archive.sana.sy\/es\/index.php?rest_route=%2Fwp%2Fv2%2Fcomments&post=340244"}],"version-history":[{"count":1,"href":"https:\/\/archive.sana.sy\/es\/index.php?rest_route=\/wp\/v2\/posts\/340244\/revisions"}],"predecessor-version":[{"id":340246,"href":"https:\/\/archive.sana.sy\/es\/index.php?rest_route=\/wp\/v2\/posts\/340244\/revisions\/340246"}],"wp:featuredmedia":[{"embeddable":true,"href":"https:\/\/archive.sana.sy\/es\/index.php?rest_route=\/wp\/v2\/media\/340245"}],"wp:attachment":[{"href":"https:\/\/archive.sana.sy\/es\/index.php?rest_route=%2Fwp%2Fv2%2Fmedia&parent=340244"}],"wp:term":[{"taxonomy":"category","embeddable":true,"href":"https:\/\/archive.sana.sy\/es\/index.php?rest_route=%2Fwp%2Fv2%2Fcategories&post=340244"},{"taxonomy":"post_tag","embeddable":true,"href":"https:\/\/archive.sana.sy\/es\/index.php?rest_route=%2Fwp%2Fv2%2Ftags&post=340244"}],"curies":[{"name":"wp","href":"https:\/\/api.w.org\/{rel}","templated":true}]}}