{"id":340338,"date":"2024-10-13T14:33:55","date_gmt":"2024-10-13T11:33:55","guid":{"rendered":"https:\/\/sana.sy\/es\/?p=340338"},"modified":"2024-10-13T15:03:47","modified_gmt":"2024-10-13T12:03:47","slug":"cifra-de-muertos-y-heridos-en-gaza-por-el-genocidio-israeli-ascendio-a-140-500","status":"publish","type":"post","link":"https:\/\/archive.sana.sy\/es\/?p=340338","title":{"rendered":"Cifra de muertos y heridos en Gaza por el genocidio israel\u00ed ascendi\u00f3 a 140.500"},"content":{"rendered":"<p style=\"text-align: justify;\"><span style=\"color: #800000;\"><strong>Jerusal\u00e9n ocupada, 13 oct (SANA)<\/strong> <\/span>El Ministerio de Salud palestino anunci\u00f3 que el ocupante israel\u00ed cometi\u00f3 4 masacres en la Franja de Gaza durante las \u00faltimas 24 horas, dejando un saldo de 52 muertos y 128 heridos.<\/p>\n<p style=\"text-align: justify;\">El n\u00famero de v\u00edctimas durante 373 d\u00edas de agresi\u00f3n en Gaza ha aumentado a 42.227 muertos y 98.464 heridos, inform\u00f3 el ente de salud.<\/p>\n<p style=\"text-align: justify;\">Agreg\u00f3 que miles de v\u00edctimas todav\u00eda se encuentran bajo los escombros y en las carreteras, y las ambulancias y los equipos de defensa civil no pueden llegar a ellos.<\/p>\n<p style=\"text-align: justify;\">Durante el d\u00eda de hoy, seis palestinos murieron y otros resultaron heridos por bombardeo del ocupante contra el campo de Bureij, en el centro de la Franja de Gaza.<\/p>\n<p style=\"text-align: justify;\">fm\/as<\/p>\n","protected":false},"excerpt":{"rendered":"<p>Jerusal\u00e9n ocupada, 13 oct (SANA) El Ministerio de Salud palestino anunci\u00f3 que el ocupante israel\u00ed cometi\u00f3 4 masacres en la Franja de Gaza durante las \u00faltimas 24 horas, dejando un saldo de 52 muertos y 128 heridos. El n\u00famero de v\u00edctimas durante 373 d\u00edas de agresi\u00f3n en Gaza ha aumentado a 42.227 muertos y 98.464 &hellip;<\/p>\n","protected":false},"author":42,"featured_media":340339,"comment_status":"closed","ping_status":"closed","sticky":false,"template":"","format":"standard","meta":{"footnotes":""},"categories":[597,456,16687,20724,583],"tags":[],"class_list":["post-340338","post","type-post","status-publish","format-standard","has-post-thumbnail","","category-cinta-de-noticias","category-arabe-internacional-politica","category-internacionales","category-minuto-a-minuto","category-slide"],"_links":{"self":[{"href":"https:\/\/archive.sana.sy\/es\/index.php?rest_route=\/wp\/v2\/posts\/340338"}],"collection":[{"href":"https:\/\/archive.sana.sy\/es\/index.php?rest_route=\/wp\/v2\/posts"}],"about":[{"href":"https:\/\/archive.sana.sy\/es\/index.php?rest_route=\/wp\/v2\/types\/post"}],"author":[{"embeddable":true,"href":"https:\/\/archive.sana.sy\/es\/index.php?rest_route=\/wp\/v2\/users\/42"}],"replies":[{"embeddable":true,"href":"https:\/\/archive.sana.sy\/es\/index.php?rest_route=%2Fwp%2Fv2%2Fcomments&post=340338"}],"version-history":[{"count":1,"href":"https:\/\/archive.sana.sy\/es\/index.php?rest_route=\/wp\/v2\/posts\/340338\/revisions"}],"predecessor-version":[{"id":340340,"href":"https:\/\/archive.sana.sy\/es\/index.php?rest_route=\/wp\/v2\/posts\/340338\/revisions\/340340"}],"wp:featuredmedia":[{"embeddable":true,"href":"https:\/\/archive.sana.sy\/es\/index.php?rest_route=\/wp\/v2\/media\/340339"}],"wp:attachment":[{"href":"https:\/\/archive.sana.sy\/es\/index.php?rest_route=%2Fwp%2Fv2%2Fmedia&parent=340338"}],"wp:term":[{"taxonomy":"category","embeddable":true,"href":"https:\/\/archive.sana.sy\/es\/index.php?rest_route=%2Fwp%2Fv2%2Fcategories&post=340338"},{"taxonomy":"post_tag","embeddable":true,"href":"https:\/\/archive.sana.sy\/es\/index.php?rest_route=%2Fwp%2Fv2%2Ftags&post=340338"}],"curies":[{"name":"wp","href":"https:\/\/api.w.org\/{rel}","templated":true}]}}