{"id":340409,"date":"2024-10-14T05:29:37","date_gmt":"2024-10-14T02:29:37","guid":{"rendered":"https:\/\/sana.sy\/es\/?p=340409"},"modified":"2024-10-14T05:29:37","modified_gmt":"2024-10-14T02:29:37","slug":"nueva-masacre-israeli-en-el-campamento-de-nuseirat-cobro-la-vida-de-22-palestinos","status":"publish","type":"post","link":"https:\/\/archive.sana.sy\/es\/?p=340409","title":{"rendered":"Nueva masacre israel\u00ed en el campamento de Nuseirat cobr\u00f3 la vida de 22 palestinos"},"content":{"rendered":"<p style=\"text-align: justify;\"><span style=\"color: #800000;\"><strong>Jerusal\u00e9n ocupada, 14 oct (SANA)<\/strong> <\/span>Al menos 22 palestinos perdieron la vida y decenas resultaron heridos en un bombardeo del ocupante israel\u00ed en el norte del campamento de Nuseirat, en la Franja de Gaza.<\/p>\n<p style=\"text-align: justify;\">Los medios de prensa palestinos informaron que 22 personas murieron y otras 80 resultaron heridas en el ataque a una escuela que albergaba a personas desplazadas al norte del referido campamento.<\/p>\n<p style=\"text-align: justify;\">La oficina de prensa confirm\u00f3 que esta brutal masacre eleva a 191 el n\u00famero de centros de refugio y desplazamiento bombardeados por el ocupante israel\u00ed.<\/p>\n<p style=\"text-align: justify;\"><img loading=\"lazy\" decoding=\"async\" class=\"wp-image-340410 alignleft\" src=\"http:\/\/sana.sy\/es\/wp-content\/uploads\/2024\/10\/4cd97636-5c2b-4cd7-bf29-97ef1b4d717b.jpeg\" alt=\"\" width=\"378\" height=\"252\" srcset=\"https:\/\/archive.sana.sy\/es\/wp-content\/uploads\/2024\/10\/4cd97636-5c2b-4cd7-bf29-97ef1b4d717b.jpeg 2000w, https:\/\/archive.sana.sy\/es\/wp-content\/uploads\/2024\/10\/4cd97636-5c2b-4cd7-bf29-97ef1b4d717b-300x200.jpeg 300w, https:\/\/archive.sana.sy\/es\/wp-content\/uploads\/2024\/10\/4cd97636-5c2b-4cd7-bf29-97ef1b4d717b-1024x682.jpeg 1024w, https:\/\/archive.sana.sy\/es\/wp-content\/uploads\/2024\/10\/4cd97636-5c2b-4cd7-bf29-97ef1b4d717b-150x100.jpeg 150w, https:\/\/archive.sana.sy\/es\/wp-content\/uploads\/2024\/10\/4cd97636-5c2b-4cd7-bf29-97ef1b4d717b-768x512.jpeg 768w, https:\/\/archive.sana.sy\/es\/wp-content\/uploads\/2024\/10\/4cd97636-5c2b-4cd7-bf29-97ef1b4d717b-1536x1024.jpeg 1536w\" sizes=\"(max-width: 378px) 100vw, 378px\" \/>Denunci\u00f3 la dif\u00edcil situaci\u00f3n sanitaria en el norte de la Franja de Gaza, actualmente habitada por m\u00e1s de un mill\u00f3n de personas, ya que el Hospital de los M\u00e1rtires de Al-Aqsa no puede proporcionar servicios sanitarios y m\u00e9dicos a todas estas enormes cantidades de personas desplazadas.<\/p>\n<p style=\"text-align: justify;\">El Ministerio de Salud palestino anunci\u00f3 hoy que el ocupante israel\u00ed cometi\u00f3 4 masacres en la Franja de Gaza durante las \u00faltimas 24 horas, dejando un saldo de 52 muertos y 128 heridos.<\/p>\n<p style=\"text-align: justify;\">El n\u00famero de v\u00edctimas durante 373 d\u00edas de agresi\u00f3n en Gaza ha aumentado a 42.227 muertos y 98.464 heridos, inform\u00f3 el ente de salud.<\/p>\n<p style=\"text-align: justify;\">Agreg\u00f3 que miles de v\u00edctimas todav\u00eda se encuentran bajo los escombros y en las carreteras, y las ambulancias y los equipos de defensa civil no pueden llegar a ellos.<\/p>\n<p style=\"text-align: justify;\">fm<\/p>\n","protected":false},"excerpt":{"rendered":"<p>Jerusal\u00e9n ocupada, 14 oct (SANA) Al menos 22 palestinos perdieron la vida y decenas resultaron heridos en un bombardeo del ocupante israel\u00ed en el norte del campamento de Nuseirat, en la Franja de Gaza. Los medios de prensa palestinos informaron que 22 personas murieron y otras 80 resultaron heridas en el ataque a una escuela &hellip;<\/p>\n","protected":false},"author":34,"featured_media":340411,"comment_status":"closed","ping_status":"closed","sticky":false,"template":"","format":"standard","meta":{"footnotes":""},"categories":[597,456,20724,583],"tags":[],"class_list":["post-340409","post","type-post","status-publish","format-standard","has-post-thumbnail","","category-cinta-de-noticias","category-arabe-internacional-politica","category-minuto-a-minuto","category-slide"],"_links":{"self":[{"href":"https:\/\/archive.sana.sy\/es\/index.php?rest_route=\/wp\/v2\/posts\/340409"}],"collection":[{"href":"https:\/\/archive.sana.sy\/es\/index.php?rest_route=\/wp\/v2\/posts"}],"about":[{"href":"https:\/\/archive.sana.sy\/es\/index.php?rest_route=\/wp\/v2\/types\/post"}],"author":[{"embeddable":true,"href":"https:\/\/archive.sana.sy\/es\/index.php?rest_route=\/wp\/v2\/users\/34"}],"replies":[{"embeddable":true,"href":"https:\/\/archive.sana.sy\/es\/index.php?rest_route=%2Fwp%2Fv2%2Fcomments&post=340409"}],"version-history":[{"count":1,"href":"https:\/\/archive.sana.sy\/es\/index.php?rest_route=\/wp\/v2\/posts\/340409\/revisions"}],"predecessor-version":[{"id":340412,"href":"https:\/\/archive.sana.sy\/es\/index.php?rest_route=\/wp\/v2\/posts\/340409\/revisions\/340412"}],"wp:featuredmedia":[{"embeddable":true,"href":"https:\/\/archive.sana.sy\/es\/index.php?rest_route=\/wp\/v2\/media\/340411"}],"wp:attachment":[{"href":"https:\/\/archive.sana.sy\/es\/index.php?rest_route=%2Fwp%2Fv2%2Fmedia&parent=340409"}],"wp:term":[{"taxonomy":"category","embeddable":true,"href":"https:\/\/archive.sana.sy\/es\/index.php?rest_route=%2Fwp%2Fv2%2Fcategories&post=340409"},{"taxonomy":"post_tag","embeddable":true,"href":"https:\/\/archive.sana.sy\/es\/index.php?rest_route=%2Fwp%2Fv2%2Ftags&post=340409"}],"curies":[{"name":"wp","href":"https:\/\/api.w.org\/{rel}","templated":true}]}}