{"id":340413,"date":"2024-10-14T05:43:14","date_gmt":"2024-10-14T02:43:14","guid":{"rendered":"https:\/\/sana.sy\/es\/?p=340413"},"modified":"2024-10-14T05:43:14","modified_gmt":"2024-10-14T02:43:14","slug":"el-libano-cifra-en-51-muertos-y-174-heridos-el-saldo-de-victimas-por-agresiones-israelies-el-ultimo-dia","status":"publish","type":"post","link":"https:\/\/archive.sana.sy\/es\/?p=340413","title":{"rendered":"El L\u00edbano cifra en 51 muertos y 174 heridos el saldo de v\u00edctimas por agresiones israel\u00edes el \u00faltimo d\u00eda"},"content":{"rendered":"<p style=\"text-align: justify;\"><span style=\"color: #800000;\"><strong>Beirut, 14 oct (SANA)\u00a0\u00a0<\/strong><\/span> El Ministerio de Salud liban\u00e9s anunci\u00f3 hoy que el n\u00famero total de muertos por las agresiones israel\u00edes contra el L\u00edbano aument\u00f3 a 2.306 mientras 10.698 resultaron heridos.<\/p>\n<p style=\"text-align: justify;\">El Centro de Operaciones de Emergencia del Ministerio inform\u00f3 que \u201cel n\u00famero de v\u00edctimas de los ataques contra las regiones libanesas durante las \u00faltimas 24 horas alcanz\u00f3 51 muertos y 174 heridos, lo que eleva el n\u00famero total de v\u00edctimas desde el inicio de la agresi\u00f3n a 2.306 muertos y 10.698 heridos\u201d.<\/p>\n<p style=\"text-align: justify;\">fm<\/p>\n","protected":false},"excerpt":{"rendered":"<p>Beirut, 14 oct (SANA)\u00a0\u00a0 El Ministerio de Salud liban\u00e9s anunci\u00f3 hoy que el n\u00famero total de muertos por las agresiones israel\u00edes contra el L\u00edbano aument\u00f3 a 2.306 mientras 10.698 resultaron heridos. El Centro de Operaciones de Emergencia del Ministerio inform\u00f3 que \u201cel n\u00famero de v\u00edctimas de los ataques contra las regiones libanesas durante las \u00faltimas &hellip;<\/p>\n","protected":false},"author":34,"featured_media":340414,"comment_status":"closed","ping_status":"closed","sticky":false,"template":"","format":"standard","meta":{"footnotes":""},"categories":[597,456,20724,7541],"tags":[],"class_list":["post-340413","post","type-post","status-publish","format-standard","has-post-thumbnail","","category-cinta-de-noticias","category-arabe-internacional-politica","category-minuto-a-minuto","category-ultimas-noticias"],"_links":{"self":[{"href":"https:\/\/archive.sana.sy\/es\/index.php?rest_route=\/wp\/v2\/posts\/340413"}],"collection":[{"href":"https:\/\/archive.sana.sy\/es\/index.php?rest_route=\/wp\/v2\/posts"}],"about":[{"href":"https:\/\/archive.sana.sy\/es\/index.php?rest_route=\/wp\/v2\/types\/post"}],"author":[{"embeddable":true,"href":"https:\/\/archive.sana.sy\/es\/index.php?rest_route=\/wp\/v2\/users\/34"}],"replies":[{"embeddable":true,"href":"https:\/\/archive.sana.sy\/es\/index.php?rest_route=%2Fwp%2Fv2%2Fcomments&post=340413"}],"version-history":[{"count":1,"href":"https:\/\/archive.sana.sy\/es\/index.php?rest_route=\/wp\/v2\/posts\/340413\/revisions"}],"predecessor-version":[{"id":340415,"href":"https:\/\/archive.sana.sy\/es\/index.php?rest_route=\/wp\/v2\/posts\/340413\/revisions\/340415"}],"wp:featuredmedia":[{"embeddable":true,"href":"https:\/\/archive.sana.sy\/es\/index.php?rest_route=\/wp\/v2\/media\/340414"}],"wp:attachment":[{"href":"https:\/\/archive.sana.sy\/es\/index.php?rest_route=%2Fwp%2Fv2%2Fmedia&parent=340413"}],"wp:term":[{"taxonomy":"category","embeddable":true,"href":"https:\/\/archive.sana.sy\/es\/index.php?rest_route=%2Fwp%2Fv2%2Fcategories&post=340413"},{"taxonomy":"post_tag","embeddable":true,"href":"https:\/\/archive.sana.sy\/es\/index.php?rest_route=%2Fwp%2Fv2%2Ftags&post=340413"}],"curies":[{"name":"wp","href":"https:\/\/api.w.org\/{rel}","templated":true}]}}