{"id":340444,"date":"2024-10-14T16:04:17","date_gmt":"2024-10-14T13:04:17","guid":{"rendered":"https:\/\/sana.sy\/es\/?p=340444"},"modified":"2024-10-14T16:44:53","modified_gmt":"2024-10-14T13:44:53","slug":"42-289-muertos-desde-el-inicio-de-la-guerra-genocida-contra-gaza","status":"publish","type":"post","link":"https:\/\/archive.sana.sy\/es\/?p=340444","title":{"rendered":"42.289 muertos desde el inicio de la guerra genocida contra Gaza"},"content":{"rendered":"<p style=\"text-align: justify;\"><span style=\"color: #800000;\"><strong>Jerusal\u00e9n ocupada, 14 oct (SANA)<\/strong><\/span> El Ministerio de Salud palestino anunci\u00f3 que el ocupante israel\u00ed cometi\u00f3 4 masacres en la Franja de Gaza durante las \u00faltimas 24 horas, con un saldo de 62 muertos y 220 heridos.<\/p>\n<p style=\"text-align: justify;\">El Ministerio indic\u00f3 que el n\u00famero de v\u00edctimas durante 374 d\u00edas de agresi\u00f3n aument\u00f3 a 42.289 muertos y 98.684 heridos.<\/p>\n<p style=\"text-align: justify;\"><a href=\"http:\/\/sana.sy\/es\/wp-content\/uploads\/2024\/10\/42.289-muertos-desde-el-inicio-de-la-guerra-genocida-contra-Gaza.jpg\"><img loading=\"lazy\" decoding=\"async\" class=\" wp-image-340446 alignleft\" src=\"http:\/\/sana.sy\/es\/wp-content\/uploads\/2024\/10\/42.289-muertos-desde-el-inicio-de-la-guerra-genocida-contra-Gaza.jpg\" alt=\"\" width=\"428\" height=\"241\" srcset=\"https:\/\/archive.sana.sy\/es\/wp-content\/uploads\/2024\/10\/42.289-muertos-desde-el-inicio-de-la-guerra-genocida-contra-Gaza.jpg 1080w, https:\/\/archive.sana.sy\/es\/wp-content\/uploads\/2024\/10\/42.289-muertos-desde-el-inicio-de-la-guerra-genocida-contra-Gaza-300x169.jpg 300w, https:\/\/archive.sana.sy\/es\/wp-content\/uploads\/2024\/10\/42.289-muertos-desde-el-inicio-de-la-guerra-genocida-contra-Gaza-1024x576.jpg 1024w, https:\/\/archive.sana.sy\/es\/wp-content\/uploads\/2024\/10\/42.289-muertos-desde-el-inicio-de-la-guerra-genocida-contra-Gaza-150x84.jpg 150w, https:\/\/archive.sana.sy\/es\/wp-content\/uploads\/2024\/10\/42.289-muertos-desde-el-inicio-de-la-guerra-genocida-contra-Gaza-768x432.jpg 768w\" sizes=\"(max-width: 428px) 100vw, 428px\" \/><\/a>Puntualiz\u00f3 que miles de v\u00edctimas todav\u00eda se encuentran bajo los escombros y en las carreteras, y las ambulancias y equipos de defensa civil no pueden alcanzarlos.<\/p>\n<p style=\"text-align: justify;\">Al menos 30 palestinos perdieron la vida y decenas resultaron heridos por los bombardeos del ocupante israel\u00ed contra varias zonas de la Franja de Gaza.<\/p>\n<p style=\"text-align: justify;\">La agencia Wafa inform\u00f3 que aviones de combate bombardearon dos escuelas que albergan a desplazados y varias casas en el campamento de Jabalia, en el norte de Gaza, lo que provoc\u00f3 la muerte de 20 palestinos y lesiones a otros.<\/p>\n<p style=\"text-align: justify;\">Asimismo, la artiller\u00eda israel\u00ed bombarde\u00f3 una concentraci\u00f3n de palestinos dentro de un centro de distribuci\u00f3n de ayuda, dejando 10 civiles muertos mientras m\u00e1s de 40 resultaron lesionados.<\/p>\n<p style=\"text-align: justify;\">Las ambulancias no lograron llegar al centro para rescatar a los heridos debido al fuego de las fuerzas israel\u00edes.<\/p>\n<p style=\"text-align: justify;\">fm\/ed<\/p>\n","protected":false},"excerpt":{"rendered":"<p>Jerusal\u00e9n ocupada, 14 oct (SANA) El Ministerio de Salud palestino anunci\u00f3 que el ocupante israel\u00ed cometi\u00f3 4 masacres en la Franja de Gaza durante las \u00faltimas 24 horas, con un saldo de 62 muertos y 220 heridos. El Ministerio indic\u00f3 que el n\u00famero de v\u00edctimas durante 374 d\u00edas de agresi\u00f3n aument\u00f3 a 42.289 muertos y &hellip;<\/p>\n","protected":false},"author":32,"featured_media":340445,"comment_status":"closed","ping_status":"closed","sticky":false,"template":"","format":"standard","meta":{"footnotes":""},"categories":[597,456,20724,583],"tags":[],"class_list":["post-340444","post","type-post","status-publish","format-standard","has-post-thumbnail","","category-cinta-de-noticias","category-arabe-internacional-politica","category-minuto-a-minuto","category-slide"],"_links":{"self":[{"href":"https:\/\/archive.sana.sy\/es\/index.php?rest_route=\/wp\/v2\/posts\/340444"}],"collection":[{"href":"https:\/\/archive.sana.sy\/es\/index.php?rest_route=\/wp\/v2\/posts"}],"about":[{"href":"https:\/\/archive.sana.sy\/es\/index.php?rest_route=\/wp\/v2\/types\/post"}],"author":[{"embeddable":true,"href":"https:\/\/archive.sana.sy\/es\/index.php?rest_route=\/wp\/v2\/users\/32"}],"replies":[{"embeddable":true,"href":"https:\/\/archive.sana.sy\/es\/index.php?rest_route=%2Fwp%2Fv2%2Fcomments&post=340444"}],"version-history":[{"count":1,"href":"https:\/\/archive.sana.sy\/es\/index.php?rest_route=\/wp\/v2\/posts\/340444\/revisions"}],"predecessor-version":[{"id":340447,"href":"https:\/\/archive.sana.sy\/es\/index.php?rest_route=\/wp\/v2\/posts\/340444\/revisions\/340447"}],"wp:featuredmedia":[{"embeddable":true,"href":"https:\/\/archive.sana.sy\/es\/index.php?rest_route=\/wp\/v2\/media\/340445"}],"wp:attachment":[{"href":"https:\/\/archive.sana.sy\/es\/index.php?rest_route=%2Fwp%2Fv2%2Fmedia&parent=340444"}],"wp:term":[{"taxonomy":"category","embeddable":true,"href":"https:\/\/archive.sana.sy\/es\/index.php?rest_route=%2Fwp%2Fv2%2Fcategories&post=340444"},{"taxonomy":"post_tag","embeddable":true,"href":"https:\/\/archive.sana.sy\/es\/index.php?rest_route=%2Fwp%2Fv2%2Ftags&post=340444"}],"curies":[{"name":"wp","href":"https:\/\/api.w.org\/{rel}","templated":true}]}}