{"id":340451,"date":"2024-10-14T18:41:01","date_gmt":"2024-10-14T15:41:01","guid":{"rendered":"https:\/\/sana.sy\/es\/?p=340451"},"modified":"2024-10-14T18:41:01","modified_gmt":"2024-10-14T15:41:01","slug":"siria-exige-que-el-ocupante-israeli-rinda-cuentas-por-sus-crimenes","status":"publish","type":"post","link":"https:\/\/archive.sana.sy\/es\/?p=340451","title":{"rendered":"Siria exige que el ocupante israel\u00ed rinda cuentas por sus cr\u00edmenes"},"content":{"rendered":"<p style=\"text-align: justify;\"><span style=\"color: #800000;\"><strong>Viena, 14 oct (SANA)<\/strong><\/span>\u00a0 Siria reiter\u00f3 hoy su condena en\u00e9rgica a las persistentes agresiones israel\u00edes contra su territorio, en una violaci\u00f3n flagrante de las resoluciones y convenciones internacionales.<\/p>\n<p style=\"text-align: justify;\">Esta postura fue expresada por el representante permanente de Siria ante la Oficina de Naciones Unidas y otras organizaciones internacionales en Viena, Hassan Khaddour, en el duod\u00e9cimo per\u00edodo de sesiones de la Conferencia de los Estados Partes en la Convenci\u00f3n de las Naciones Unidas contra la Delincuencia Organizada Transnacional y sus Protocolos.<\/p>\n<p style=\"text-align: justify;\">\u201cCondenamos la ocupaci\u00f3n y agresi\u00f3n israel\u00ed contra el pueblo palestino y el asedio ilegal e inhumano impuesto a la Franja de Gaza, y los cr\u00edmenes de genocidio y desplazamiento contra los palestinos, en una violaci\u00f3n flagrante del derecho internacional y humanitario, y de las decisiones de la Corte Internacional de Justicia y otras resoluciones internacionales pertinentes\u201d, dijo el diplom\u00e1tico.<\/p>\n<p style=\"text-align: justify;\">A\u00f1adi\u00f3 que \u201cla Rep\u00fablica \u00c1rabe Siria condena tambi\u00e9n la b\u00e1rbara y prolongada agresi\u00f3n israel\u00ed contra el L\u00edbano, que provoc\u00f3 la destrucci\u00f3n de infraestructuras y el desplazamiento de cientos de miles de civiles inocentes, y pide a la comunidad internacional que trabaje para poner fin a la agresi\u00f3n israel\u00ed contra Siria, Palestina y el L\u00edbano, y que los criminales israel\u00edes no escapen del castigo\u201d.<\/p>\n<p style=\"text-align: justify;\">Por otro lado, Khaddour explic\u00f3 que la propagaci\u00f3n del crimen, la debilidad del Estado de derecho y el empeoramiento de los conflictos en cualquier pa\u00eds socavan los esfuerzos nacionales e internacionales de combatir el crimen organizado.<\/p>\n<p style=\"text-align: justify;\">Precis\u00f3 que a pesar de las duras condiciones que ha dejado la guerra en Siria y las desastrosas repercusiones de las medidas coercitivas unilaterales ilegales impuestas durante muchos a\u00f1os por Estados Unidos y otros pa\u00edses, Siria est\u00e1 haciendo, dentro de sus capacidades limitadas y disponibles, grandes esfuerzos para enfrentar varias formas de crimen organizado, en particular la lucha contra el terrorismo organizado, los delitos de narcotr\u00e1fico, y de trata de personas.<\/p>\n<p>fm\/ahs<\/p>\n","protected":false},"excerpt":{"rendered":"<p>Viena, 14 oct (SANA)\u00a0 Siria reiter\u00f3 hoy su condena en\u00e9rgica a las persistentes agresiones israel\u00edes contra su territorio, en una violaci\u00f3n flagrante de las resoluciones y convenciones internacionales. Esta postura fue expresada por el representante permanente de Siria ante la Oficina de Naciones Unidas y otras organizaciones internacionales en Viena, Hassan Khaddour, en el duod\u00e9cimo &hellip;<\/p>\n","protected":false},"author":43,"featured_media":340452,"comment_status":"closed","ping_status":"closed","sticky":false,"template":"","format":"standard","meta":{"footnotes":""},"categories":[477,597,476,7541],"tags":[],"class_list":["post-340451","post","type-post","status-publish","format-standard","has-post-thumbnail","","category-noticias-edulcorantes","category-cinta-de-noticias","category-locales","category-ultimas-noticias"],"_links":{"self":[{"href":"https:\/\/archive.sana.sy\/es\/index.php?rest_route=\/wp\/v2\/posts\/340451"}],"collection":[{"href":"https:\/\/archive.sana.sy\/es\/index.php?rest_route=\/wp\/v2\/posts"}],"about":[{"href":"https:\/\/archive.sana.sy\/es\/index.php?rest_route=\/wp\/v2\/types\/post"}],"author":[{"embeddable":true,"href":"https:\/\/archive.sana.sy\/es\/index.php?rest_route=\/wp\/v2\/users\/43"}],"replies":[{"embeddable":true,"href":"https:\/\/archive.sana.sy\/es\/index.php?rest_route=%2Fwp%2Fv2%2Fcomments&post=340451"}],"version-history":[{"count":1,"href":"https:\/\/archive.sana.sy\/es\/index.php?rest_route=\/wp\/v2\/posts\/340451\/revisions"}],"predecessor-version":[{"id":340453,"href":"https:\/\/archive.sana.sy\/es\/index.php?rest_route=\/wp\/v2\/posts\/340451\/revisions\/340453"}],"wp:featuredmedia":[{"embeddable":true,"href":"https:\/\/archive.sana.sy\/es\/index.php?rest_route=\/wp\/v2\/media\/340452"}],"wp:attachment":[{"href":"https:\/\/archive.sana.sy\/es\/index.php?rest_route=%2Fwp%2Fv2%2Fmedia&parent=340451"}],"wp:term":[{"taxonomy":"category","embeddable":true,"href":"https:\/\/archive.sana.sy\/es\/index.php?rest_route=%2Fwp%2Fv2%2Fcategories&post=340451"},{"taxonomy":"post_tag","embeddable":true,"href":"https:\/\/archive.sana.sy\/es\/index.php?rest_route=%2Fwp%2Fv2%2Ftags&post=340451"}],"curies":[{"name":"wp","href":"https:\/\/api.w.org\/{rel}","templated":true}]}}