{"id":34046,"date":"2015-11-22T16:11:09","date_gmt":"2015-11-22T14:11:09","guid":{"rendered":"http:\/\/sana.sy\/es\/?p=34046"},"modified":"2015-11-22T16:11:09","modified_gmt":"2015-11-22T14:11:09","slug":"primer-ministro-destaca-importancia-de-los-arquitectos-e-ingenieros-sirios-en-la-etapa-de-reconstruccion","status":"publish","type":"post","link":"https:\/\/archive.sana.sy\/es\/?p=34046","title":{"rendered":"Primer Ministro destaca importancia de los arquitectos e ingenieros sirios en la\u00a0etapa de reconstrucci\u00f3n"},"content":{"rendered":"<p><span style=\"color: #800000\">Damasco, SANA<\/span><\/p>\n<p>El primer ministro, Wael al-Halqui se reuni\u00f3 este domingo con el presidente y los miembros de la Junta del Colegio de Arquitectos e Ingenieros.<\/p>\n<p>Durante la reuni\u00f3n, el jefe del gobierno destac\u00f3 a los reunidos la importancia de desarrollar su profesi\u00f3n y sus capacidades, prepar\u00e1ndose a la etapa de reconstrucci\u00f3n del pa\u00eds que requiere de una presencia eficiente de los arquitectos, t\u00e9cnicos e inform\u00e1ticos.<\/p>\n<p>Asimismo aludi\u00f3 que el Colegio de Ingenieros es un socio del Gobierno en el designo de las pol\u00edticas econ\u00f3micas, de desarrollo y de servicio.<\/p>\n<p>A su vez, los miembros de la delegaci\u00f3n manifestaron su disposici\u00f3n de emplear todas\u00a0sus experiencias y capacidades en la\u00a0etapa de reconstrucci\u00f3n del pa\u00eds.<\/p>\n<p>&nbsp;<\/p>\n<p>&nbsp;<\/p>\n<p>Lynn A.<\/p>\n","protected":false},"excerpt":{"rendered":"<p>Damasco, SANA El primer ministro, Wael al-Halqui se reuni\u00f3 este domingo con el presidente y los miembros de la Junta del Colegio de Arquitectos e Ingenieros. Durante la reuni\u00f3n, el jefe del gobierno destac\u00f3 a los reunidos la importancia de desarrollar su profesi\u00f3n y sus capacidades, prepar\u00e1ndose a la etapa de reconstrucci\u00f3n del pa\u00eds que &hellip;<\/p>\n","protected":false},"author":24,"featured_media":34047,"comment_status":"closed","ping_status":"closed","sticky":false,"template":"","format":"standard","meta":{"footnotes":""},"categories":[477,476],"tags":[],"class_list":["post-34046","post","type-post","status-publish","format-standard","has-post-thumbnail","","category-noticias-edulcorantes","category-locales"],"_links":{"self":[{"href":"https:\/\/archive.sana.sy\/es\/index.php?rest_route=\/wp\/v2\/posts\/34046"}],"collection":[{"href":"https:\/\/archive.sana.sy\/es\/index.php?rest_route=\/wp\/v2\/posts"}],"about":[{"href":"https:\/\/archive.sana.sy\/es\/index.php?rest_route=\/wp\/v2\/types\/post"}],"author":[{"embeddable":true,"href":"https:\/\/archive.sana.sy\/es\/index.php?rest_route=\/wp\/v2\/users\/24"}],"replies":[{"embeddable":true,"href":"https:\/\/archive.sana.sy\/es\/index.php?rest_route=%2Fwp%2Fv2%2Fcomments&post=34046"}],"version-history":[{"count":0,"href":"https:\/\/archive.sana.sy\/es\/index.php?rest_route=\/wp\/v2\/posts\/34046\/revisions"}],"wp:featuredmedia":[{"embeddable":true,"href":"https:\/\/archive.sana.sy\/es\/index.php?rest_route=\/wp\/v2\/media\/34047"}],"wp:attachment":[{"href":"https:\/\/archive.sana.sy\/es\/index.php?rest_route=%2Fwp%2Fv2%2Fmedia&parent=34046"}],"wp:term":[{"taxonomy":"category","embeddable":true,"href":"https:\/\/archive.sana.sy\/es\/index.php?rest_route=%2Fwp%2Fv2%2Fcategories&post=34046"},{"taxonomy":"post_tag","embeddable":true,"href":"https:\/\/archive.sana.sy\/es\/index.php?rest_route=%2Fwp%2Fv2%2Ftags&post=34046"}],"curies":[{"name":"wp","href":"https:\/\/api.w.org\/{rel}","templated":true}]}}