{"id":340465,"date":"2024-10-15T05:36:55","date_gmt":"2024-10-15T02:36:55","guid":{"rendered":"https:\/\/sana.sy\/es\/?p=340465"},"modified":"2024-10-15T05:36:55","modified_gmt":"2024-10-15T02:36:55","slug":"marcha-en-cuba-en-solidaridad-y-por-la-paz-en-palestina-fotos","status":"publish","type":"post","link":"https:\/\/archive.sana.sy\/es\/?p=340465","title":{"rendered":"Marcha en Cuba en solidaridad y por la paz en Palestina (+ fotos)"},"content":{"rendered":"<blockquote>\n<p style=\"text-align: justify;\"><span style=\"color: #993300;\">&#8220;No cerraremos los ojos frente a la masacre; no olvidaremos ni el hero\u00edsmo de los agredidos ni la barbarie de los agresores&#8221;<\/span><\/p>\n<\/blockquote>\n<p style=\"text-align: justify;\"><span style=\"color: #800000;\"><strong>La Habana, 15 oct (SANA)<\/strong> <\/span>Miles de j\u00f3venes reclamaron hoy el cese del genocidio del gobierno sionista de Israel contra el pueblo palestino y sus ataques a otras naciones de Oriente Medio.<\/p>\n<p style=\"text-align: justify;\">Los participantes en la marcha que encabezada por el presidente cubano Miguel D\u00edaz-Canel y otros altos dirigentes, denunciaron la complicidad de Estados Unidos en la arremetida b\u00e9lica sionista que cobr\u00f3 la vida de decenas de miles de civiles, gran parte de ellas de mujeres y ni\u00f1os, en Gaza y el L\u00edbano.<\/p>\n<p style=\"text-align: justify;\">En la concentraci\u00f3n que se efectu\u00f3 en la Tribuna Antiimperialista de La Habana, estudiantes palestinos en Cuba expresaron la voluntad de sus compatriotas de resistir hasta recuperar su naci\u00f3n, alcanzar sus derechos inalienables y una paz justa y duradera.<\/p>\n<p style=\"text-align: justify;\">No es una guerra, es un genocidio generalizado y progresivo, afirmaron en el acto pol\u00edtico cultural.<\/p>\n<p style=\"text-align: justify;\">En el acto, la primera secretaria de la Uni\u00f3n de J\u00f3venes Comunistas de Cuba, Meyvis Est\u00e9vez, afirm\u00f3 que esta marcha y las movilizaciones realizadas en todo el pa\u00eds en los \u00faltimos d\u00edas respaldan la posici\u00f3n de esta naci\u00f3n caribe\u00f1a junto al pueblo palestino, al que calific\u00f3 de ejemplo impresionante de abnegaci\u00f3n y patriotismo.<\/p>\n<p style=\"text-align: justify;\">No cerraremos los ojos frente a la masacre; no olvidaremos ni el hero\u00edsmo de los agredidos ni la barbarie de los agresores, apunt\u00f3.<\/p>\n<p style=\"text-align: justify;\">fm<\/p>\n<div id='gallery-1' class='gallery galleryid-340465 gallery-columns-1 gallery-size-full'><figure class='gallery-item'>\n\t\t\t<div class='gallery-icon landscape'>\n\t\t\t\t<a href='https:\/\/archive.sana.sy\/es\/wp-content\/uploads\/2024\/10\/photo_2024-10-15_00-33-00.jpg'><img loading=\"lazy\" decoding=\"async\" width=\"1080\" height=\"720\" src=\"https:\/\/archive.sana.sy\/es\/wp-content\/uploads\/2024\/10\/photo_2024-10-15_00-33-00.jpg\" class=\"attachment-full size-full\" alt=\"\" srcset=\"https:\/\/archive.sana.sy\/es\/wp-content\/uploads\/2024\/10\/photo_2024-10-15_00-33-00.jpg 1080w, https:\/\/archive.sana.sy\/es\/wp-content\/uploads\/2024\/10\/photo_2024-10-15_00-33-00-300x200.jpg 300w, https:\/\/archive.sana.sy\/es\/wp-content\/uploads\/2024\/10\/photo_2024-10-15_00-33-00-1024x683.jpg 1024w, https:\/\/archive.sana.sy\/es\/wp-content\/uploads\/2024\/10\/photo_2024-10-15_00-33-00-150x100.jpg 150w, https:\/\/archive.sana.sy\/es\/wp-content\/uploads\/2024\/10\/photo_2024-10-15_00-33-00-768x512.jpg 768w\" sizes=\"(max-width: 1080px) 100vw, 1080px\" \/><\/a>\n\t\t\t<\/div><\/figure><figure class='gallery-item'>\n\t\t\t<div class='gallery-icon landscape'>\n\t\t\t\t<a href='https:\/\/archive.sana.sy\/es\/wp-content\/uploads\/2024\/10\/photo_2024-10-15_00-33-04.jpg'><img loading=\"lazy\" decoding=\"async\" width=\"1280\" height=\"854\" src=\"https:\/\/archive.sana.sy\/es\/wp-content\/uploads\/2024\/10\/photo_2024-10-15_00-33-04.jpg\" class=\"attachment-full size-full\" alt=\"\" srcset=\"https:\/\/archive.sana.sy\/es\/wp-content\/uploads\/2024\/10\/photo_2024-10-15_00-33-04.jpg 1280w, https:\/\/archive.sana.sy\/es\/wp-content\/uploads\/2024\/10\/photo_2024-10-15_00-33-04-300x200.jpg 300w, https:\/\/archive.sana.sy\/es\/wp-content\/uploads\/2024\/10\/photo_2024-10-15_00-33-04-1024x683.jpg 1024w, https:\/\/archive.sana.sy\/es\/wp-content\/uploads\/2024\/10\/photo_2024-10-15_00-33-04-150x100.jpg 150w, https:\/\/archive.sana.sy\/es\/wp-content\/uploads\/2024\/10\/photo_2024-10-15_00-33-04-768x512.jpg 768w\" sizes=\"(max-width: 1280px) 100vw, 1280px\" \/><\/a>\n\t\t\t<\/div><\/figure><figure class='gallery-item'>\n\t\t\t<div class='gallery-icon landscape'>\n\t\t\t\t<a href='https:\/\/archive.sana.sy\/es\/wp-content\/uploads\/2024\/10\/photo_2024-10-15_00-50-23.jpg'><img loading=\"lazy\" decoding=\"async\" width=\"912\" height=\"661\" src=\"https:\/\/archive.sana.sy\/es\/wp-content\/uploads\/2024\/10\/photo_2024-10-15_00-50-23.jpg\" class=\"attachment-full size-full\" alt=\"\" srcset=\"https:\/\/archive.sana.sy\/es\/wp-content\/uploads\/2024\/10\/photo_2024-10-15_00-50-23.jpg 912w, https:\/\/archive.sana.sy\/es\/wp-content\/uploads\/2024\/10\/photo_2024-10-15_00-50-23-300x217.jpg 300w, https:\/\/archive.sana.sy\/es\/wp-content\/uploads\/2024\/10\/photo_2024-10-15_00-50-23-150x109.jpg 150w, https:\/\/archive.sana.sy\/es\/wp-content\/uploads\/2024\/10\/photo_2024-10-15_00-50-23-768x557.jpg 768w\" sizes=\"(max-width: 912px) 100vw, 912px\" \/><\/a>\n\t\t\t<\/div><\/figure><figure class='gallery-item'>\n\t\t\t<div class='gallery-icon landscape'>\n\t\t\t\t<a href='https:\/\/archive.sana.sy\/es\/wp-content\/uploads\/2024\/10\/photo_2024-10-15_01-54-04-1.jpg'><img loading=\"lazy\" decoding=\"async\" width=\"1280\" height=\"854\" src=\"https:\/\/archive.sana.sy\/es\/wp-content\/uploads\/2024\/10\/photo_2024-10-15_01-54-04-1.jpg\" class=\"attachment-full size-full\" alt=\"\" srcset=\"https:\/\/archive.sana.sy\/es\/wp-content\/uploads\/2024\/10\/photo_2024-10-15_01-54-04-1.jpg 1280w, https:\/\/archive.sana.sy\/es\/wp-content\/uploads\/2024\/10\/photo_2024-10-15_01-54-04-1-300x200.jpg 300w, https:\/\/archive.sana.sy\/es\/wp-content\/uploads\/2024\/10\/photo_2024-10-15_01-54-04-1-1024x683.jpg 1024w, https:\/\/archive.sana.sy\/es\/wp-content\/uploads\/2024\/10\/photo_2024-10-15_01-54-04-1-150x100.jpg 150w, https:\/\/archive.sana.sy\/es\/wp-content\/uploads\/2024\/10\/photo_2024-10-15_01-54-04-1-768x512.jpg 768w\" sizes=\"(max-width: 1280px) 100vw, 1280px\" \/><\/a>\n\t\t\t<\/div><\/figure><figure class='gallery-item'>\n\t\t\t<div class='gallery-icon landscape'>\n\t\t\t\t<a href='https:\/\/archive.sana.sy\/es\/wp-content\/uploads\/2024\/10\/462834439_965427088952020_6420781446199020939_n.jpg'><img loading=\"lazy\" decoding=\"async\" width=\"1600\" height=\"1200\" src=\"https:\/\/archive.sana.sy\/es\/wp-content\/uploads\/2024\/10\/462834439_965427088952020_6420781446199020939_n.jpg\" class=\"attachment-full size-full\" alt=\"\" srcset=\"https:\/\/archive.sana.sy\/es\/wp-content\/uploads\/2024\/10\/462834439_965427088952020_6420781446199020939_n.jpg 1600w, https:\/\/archive.sana.sy\/es\/wp-content\/uploads\/2024\/10\/462834439_965427088952020_6420781446199020939_n-300x225.jpg 300w, https:\/\/archive.sana.sy\/es\/wp-content\/uploads\/2024\/10\/462834439_965427088952020_6420781446199020939_n-1024x768.jpg 1024w, https:\/\/archive.sana.sy\/es\/wp-content\/uploads\/2024\/10\/462834439_965427088952020_6420781446199020939_n-150x113.jpg 150w, https:\/\/archive.sana.sy\/es\/wp-content\/uploads\/2024\/10\/462834439_965427088952020_6420781446199020939_n-768x576.jpg 768w, https:\/\/archive.sana.sy\/es\/wp-content\/uploads\/2024\/10\/462834439_965427088952020_6420781446199020939_n-1536x1152.jpg 1536w\" sizes=\"(max-width: 1600px) 100vw, 1600px\" \/><\/a>\n\t\t\t<\/div><\/figure><figure class='gallery-item'>\n\t\t\t<div class='gallery-icon landscape'>\n\t\t\t\t<a href='https:\/\/archive.sana.sy\/es\/wp-content\/uploads\/2024\/10\/463076954_1089235299227953_931838958511280940_n.jpg'><img loading=\"lazy\" decoding=\"async\" width=\"2048\" height=\"1366\" src=\"https:\/\/archive.sana.sy\/es\/wp-content\/uploads\/2024\/10\/463076954_1089235299227953_931838958511280940_n.jpg\" class=\"attachment-full size-full\" alt=\"\" srcset=\"https:\/\/archive.sana.sy\/es\/wp-content\/uploads\/2024\/10\/463076954_1089235299227953_931838958511280940_n.jpg 2048w, https:\/\/archive.sana.sy\/es\/wp-content\/uploads\/2024\/10\/463076954_1089235299227953_931838958511280940_n-300x200.jpg 300w, https:\/\/archive.sana.sy\/es\/wp-content\/uploads\/2024\/10\/463076954_1089235299227953_931838958511280940_n-1024x683.jpg 1024w, https:\/\/archive.sana.sy\/es\/wp-content\/uploads\/2024\/10\/463076954_1089235299227953_931838958511280940_n-150x100.jpg 150w, https:\/\/archive.sana.sy\/es\/wp-content\/uploads\/2024\/10\/463076954_1089235299227953_931838958511280940_n-768x512.jpg 768w, https:\/\/archive.sana.sy\/es\/wp-content\/uploads\/2024\/10\/463076954_1089235299227953_931838958511280940_n-1536x1025.jpg 1536w\" sizes=\"(max-width: 2048px) 100vw, 2048px\" \/><\/a>\n\t\t\t<\/div><\/figure><figure class='gallery-item'>\n\t\t\t<div class='gallery-icon portrait'>\n\t\t\t\t<a href='https:\/\/archive.sana.sy\/es\/wp-content\/uploads\/2024\/10\/462800960_1089237339227749_9172469524304760969_n.jpg'><img loading=\"lazy\" decoding=\"async\" width=\"1080\" height=\"1440\" src=\"https:\/\/archive.sana.sy\/es\/wp-content\/uploads\/2024\/10\/462800960_1089237339227749_9172469524304760969_n.jpg\" class=\"attachment-full size-full\" alt=\"\" srcset=\"https:\/\/archive.sana.sy\/es\/wp-content\/uploads\/2024\/10\/462800960_1089237339227749_9172469524304760969_n.jpg 1080w, https:\/\/archive.sana.sy\/es\/wp-content\/uploads\/2024\/10\/462800960_1089237339227749_9172469524304760969_n-225x300.jpg 225w, https:\/\/archive.sana.sy\/es\/wp-content\/uploads\/2024\/10\/462800960_1089237339227749_9172469524304760969_n-768x1024.jpg 768w, https:\/\/archive.sana.sy\/es\/wp-content\/uploads\/2024\/10\/462800960_1089237339227749_9172469524304760969_n-113x150.jpg 113w\" sizes=\"(max-width: 1080px) 100vw, 1080px\" \/><\/a>\n\t\t\t<\/div><\/figure>\n\t\t<\/div>\n\n","protected":false},"excerpt":{"rendered":"<p>&#8220;No cerraremos los ojos frente a la masacre; no olvidaremos ni el hero\u00edsmo de los agredidos ni la barbarie de los agresores&#8221; La Habana, 15 oct (SANA) Miles de j\u00f3venes reclamaron hoy el cese del genocidio del gobierno sionista de Israel contra el pueblo palestino y sus ataques a otras naciones de Oriente Medio. Los &hellip;<\/p>\n","protected":false},"author":34,"featured_media":340466,"comment_status":"closed","ping_status":"closed","sticky":false,"template":"","format":"standard","meta":{"footnotes":""},"categories":[597,456,20724,7541],"tags":[],"class_list":["post-340465","post","type-post","status-publish","format-standard","has-post-thumbnail","","category-cinta-de-noticias","category-arabe-internacional-politica","category-minuto-a-minuto","category-ultimas-noticias"],"_links":{"self":[{"href":"https:\/\/archive.sana.sy\/es\/index.php?rest_route=\/wp\/v2\/posts\/340465"}],"collection":[{"href":"https:\/\/archive.sana.sy\/es\/index.php?rest_route=\/wp\/v2\/posts"}],"about":[{"href":"https:\/\/archive.sana.sy\/es\/index.php?rest_route=\/wp\/v2\/types\/post"}],"author":[{"embeddable":true,"href":"https:\/\/archive.sana.sy\/es\/index.php?rest_route=\/wp\/v2\/users\/34"}],"replies":[{"embeddable":true,"href":"https:\/\/archive.sana.sy\/es\/index.php?rest_route=%2Fwp%2Fv2%2Fcomments&post=340465"}],"version-history":[{"count":1,"href":"https:\/\/archive.sana.sy\/es\/index.php?rest_route=\/wp\/v2\/posts\/340465\/revisions"}],"predecessor-version":[{"id":340474,"href":"https:\/\/archive.sana.sy\/es\/index.php?rest_route=\/wp\/v2\/posts\/340465\/revisions\/340474"}],"wp:featuredmedia":[{"embeddable":true,"href":"https:\/\/archive.sana.sy\/es\/index.php?rest_route=\/wp\/v2\/media\/340466"}],"wp:attachment":[{"href":"https:\/\/archive.sana.sy\/es\/index.php?rest_route=%2Fwp%2Fv2%2Fmedia&parent=340465"}],"wp:term":[{"taxonomy":"category","embeddable":true,"href":"https:\/\/archive.sana.sy\/es\/index.php?rest_route=%2Fwp%2Fv2%2Fcategories&post=340465"},{"taxonomy":"post_tag","embeddable":true,"href":"https:\/\/archive.sana.sy\/es\/index.php?rest_route=%2Fwp%2Fv2%2Ftags&post=340465"}],"curies":[{"name":"wp","href":"https:\/\/api.w.org\/{rel}","templated":true}]}}