{"id":340518,"date":"2024-10-15T20:00:45","date_gmt":"2024-10-15T17:00:45","guid":{"rendered":"https:\/\/sana.sy\/es\/?p=340518"},"modified":"2024-10-15T20:03:14","modified_gmt":"2024-10-15T17:03:14","slug":"casi-142-000-muertos-y-heridos-palestinos-por-agresiones-israelies-contra-gaza","status":"publish","type":"post","link":"https:\/\/archive.sana.sy\/es\/?p=340518","title":{"rendered":"Casi 142.000 muertos y heridos palestinos por agresiones israel\u00edes contra Gaza"},"content":{"rendered":"<p style=\"text-align: justify\"><span style=\"color: #800000\"><strong>Jerusal\u00e9n ocupada, 15 oct (SANA)<\/strong><\/span> Durante las \u00faltimas 24 horas, el ocupante israel\u00ed cometi\u00f3 cuatro masacres en la Franja de Gaza, con un saldo de 55 muertos y 239 heridos, inform\u00f3 el Ministerio de Salud palestino.<\/p>\n<p style=\"text-align: justify\">La cifra total de la agresi\u00f3n israel\u00ed desde el 7 de octubre de 2023 aument\u00f3 a De acuerdo con los medios palestinos, al menos 28 personas perdieron la vida y otras resultaron heridas por los bombardeos israel\u00edes perpetrado hoy contra varias \u00e1reas de la Franja de Gaza.<\/p>\n<p style=\"text-align: justify\">La agencia de noticias Wafa inform\u00f3 que aviones b\u00e9licos del ocupante sionista bombardearon dos casas en la localidad de Al-Fukhari y en la zona de Bani Suhaila en Khan Younis, al sur de la Franja de Gaza, lo que provoc\u00f3 la muerte de 17 palestinos y heridas a otros.<\/p>\n<p style=\"text-align: justify\">Asimismo, cinco palestinos fueron asesinados por el ej\u00e9rcito israel\u00ed en el oeste del campo de Nuseirat, en el centro del enclave costero.<\/p>\n<p style=\"text-align: justify\">Los militares israel\u00edes tambi\u00e9n atacaron un grupo de palestinos en el campo de Jabalia, en el norte de Gaza, dejando muertos a tres palestinos.<\/p>\n<p style=\"text-align: justify\">fm\/as<\/p>\n","protected":false},"excerpt":{"rendered":"<p>Jerusal\u00e9n ocupada, 15 oct (SANA) Durante las \u00faltimas 24 horas, el ocupante israel\u00ed cometi\u00f3 cuatro masacres en la Franja de Gaza, con un saldo de 55 muertos y 239 heridos, inform\u00f3 el Ministerio de Salud palestino. La cifra total de la agresi\u00f3n israel\u00ed desde el 7 de octubre de 2023 aument\u00f3 a De acuerdo con &hellip;<\/p>\n","protected":false},"author":42,"featured_media":340519,"comment_status":"closed","ping_status":"closed","sticky":false,"template":"","format":"standard","meta":{"footnotes":""},"categories":[597,456,16687,20724,583],"tags":[],"class_list":["post-340518","post","type-post","status-publish","format-standard","has-post-thumbnail","","category-cinta-de-noticias","category-arabe-internacional-politica","category-internacionales","category-minuto-a-minuto","category-slide"],"_links":{"self":[{"href":"https:\/\/archive.sana.sy\/es\/index.php?rest_route=\/wp\/v2\/posts\/340518"}],"collection":[{"href":"https:\/\/archive.sana.sy\/es\/index.php?rest_route=\/wp\/v2\/posts"}],"about":[{"href":"https:\/\/archive.sana.sy\/es\/index.php?rest_route=\/wp\/v2\/types\/post"}],"author":[{"embeddable":true,"href":"https:\/\/archive.sana.sy\/es\/index.php?rest_route=\/wp\/v2\/users\/42"}],"replies":[{"embeddable":true,"href":"https:\/\/archive.sana.sy\/es\/index.php?rest_route=%2Fwp%2Fv2%2Fcomments&post=340518"}],"version-history":[{"count":4,"href":"https:\/\/archive.sana.sy\/es\/index.php?rest_route=\/wp\/v2\/posts\/340518\/revisions"}],"predecessor-version":[{"id":340560,"href":"https:\/\/archive.sana.sy\/es\/index.php?rest_route=\/wp\/v2\/posts\/340518\/revisions\/340560"}],"wp:featuredmedia":[{"embeddable":true,"href":"https:\/\/archive.sana.sy\/es\/index.php?rest_route=\/wp\/v2\/media\/340519"}],"wp:attachment":[{"href":"https:\/\/archive.sana.sy\/es\/index.php?rest_route=%2Fwp%2Fv2%2Fmedia&parent=340518"}],"wp:term":[{"taxonomy":"category","embeddable":true,"href":"https:\/\/archive.sana.sy\/es\/index.php?rest_route=%2Fwp%2Fv2%2Fcategories&post=340518"},{"taxonomy":"post_tag","embeddable":true,"href":"https:\/\/archive.sana.sy\/es\/index.php?rest_route=%2Fwp%2Fv2%2Ftags&post=340518"}],"curies":[{"name":"wp","href":"https:\/\/api.w.org\/{rel}","templated":true}]}}