{"id":34053,"date":"2015-11-22T16:43:54","date_gmt":"2015-11-22T14:43:54","guid":{"rendered":"http:\/\/sana.sy\/es\/?p=34053"},"modified":"2015-11-22T16:46:19","modified_gmt":"2015-11-22T14:46:19","slug":"al-halqui-examina-con-el-embajador-irani-varios-asuntos-economicos-y-politicos","status":"publish","type":"post","link":"https:\/\/archive.sana.sy\/es\/?p=34053","title":{"rendered":"Al-Halqui examina con el Embajador iran\u00ed varios asuntos econ\u00f3micos y pol\u00edticos"},"content":{"rendered":"<p><span style=\"color: #800000\">Damasco, SANA<\/span><\/p>\n<p>El primer ministro, Wael al-Halqui debati\u00f3 con el embajador iran\u00ed en Siria, Mohamad Riza Ra\u00faf Sheibani las v\u00edas de impulsar las relaciones econ\u00f3micas, comerciales e industriales, as\u00ed como la posibilidad de establecer proyectos de inversi\u00f3n conjuntos, adem\u00e1s del papel que desempe\u00f1ar\u00e1 Ir\u00e1n en la etapa de reconstrucci\u00f3n.<\/p>\n<p>El jefe del Gabinete destac\u00f3 que Siria sigue resistiendo la guerra terrorista librada en su contra gracias a la firmeza de su pueblo, ej\u00e9rcito y el apoyo de los pa\u00edses amigos.<\/p>\n<p>Al-Halqui subray\u00f3 que Ir\u00e1n se ha convertido en un garante de la estabilidad de la regi\u00f3n, as\u00ed como un actor principal en el escenario internacional, valorando de alto el apoyo brindado por este pa\u00eds amigo al pueblo sirio.<\/p>\n<p>A su vez, el Embajador iran\u00ed reiter\u00f3 el firme apoyo de su pa\u00eds a Siria, agregando que el liderazgo iran\u00ed proporcionar\u00e1 todas las necesidades del pueblo sirio hasta que logre la victoria.<\/p>\n<p>Asimismo alab\u00f3 los esfuerzos desempe\u00f1ados por el Gobierno sirio para hacer frente al injusto bloqueo econ\u00f3mico impuesto sobre el pa\u00eds.<br \/>\nLynn A.<\/p>\n","protected":false},"excerpt":{"rendered":"<p>Damasco, SANA El primer ministro, Wael al-Halqui debati\u00f3 con el embajador iran\u00ed en Siria, Mohamad Riza Ra\u00faf Sheibani las v\u00edas de impulsar las relaciones econ\u00f3micas, comerciales e industriales, as\u00ed como la posibilidad de establecer proyectos de inversi\u00f3n conjuntos, adem\u00e1s del papel que desempe\u00f1ar\u00e1 Ir\u00e1n en la etapa de reconstrucci\u00f3n. El jefe del Gabinete destac\u00f3 que &hellip;<\/p>\n","protected":false},"author":24,"featured_media":34054,"comment_status":"closed","ping_status":"closed","sticky":false,"template":"","format":"standard","meta":{"footnotes":""},"categories":[477,476,576],"tags":[],"class_list":["post-34053","post","type-post","status-publish","format-standard","has-post-thumbnail","","category-noticias-edulcorantes","category-locales","category-noticias-politicas"],"_links":{"self":[{"href":"https:\/\/archive.sana.sy\/es\/index.php?rest_route=\/wp\/v2\/posts\/34053"}],"collection":[{"href":"https:\/\/archive.sana.sy\/es\/index.php?rest_route=\/wp\/v2\/posts"}],"about":[{"href":"https:\/\/archive.sana.sy\/es\/index.php?rest_route=\/wp\/v2\/types\/post"}],"author":[{"embeddable":true,"href":"https:\/\/archive.sana.sy\/es\/index.php?rest_route=\/wp\/v2\/users\/24"}],"replies":[{"embeddable":true,"href":"https:\/\/archive.sana.sy\/es\/index.php?rest_route=%2Fwp%2Fv2%2Fcomments&post=34053"}],"version-history":[{"count":0,"href":"https:\/\/archive.sana.sy\/es\/index.php?rest_route=\/wp\/v2\/posts\/34053\/revisions"}],"wp:featuredmedia":[{"embeddable":true,"href":"https:\/\/archive.sana.sy\/es\/index.php?rest_route=\/wp\/v2\/media\/34054"}],"wp:attachment":[{"href":"https:\/\/archive.sana.sy\/es\/index.php?rest_route=%2Fwp%2Fv2%2Fmedia&parent=34053"}],"wp:term":[{"taxonomy":"category","embeddable":true,"href":"https:\/\/archive.sana.sy\/es\/index.php?rest_route=%2Fwp%2Fv2%2Fcategories&post=34053"},{"taxonomy":"post_tag","embeddable":true,"href":"https:\/\/archive.sana.sy\/es\/index.php?rest_route=%2Fwp%2Fv2%2Ftags&post=34053"}],"curies":[{"name":"wp","href":"https:\/\/api.w.org\/{rel}","templated":true}]}}