{"id":340532,"date":"2024-10-15T16:01:45","date_gmt":"2024-10-15T13:01:45","guid":{"rendered":"https:\/\/sana.sy\/es\/?p=340532"},"modified":"2024-10-15T16:02:41","modified_gmt":"2024-10-15T13:02:41","slug":"340532","status":"publish","type":"post","link":"https:\/\/archive.sana.sy\/es\/?p=340532","title":{"rendered":"Fuerzas rusas asesten duros golpes a las tropas de Kiev en Donb\u00e1s y Kursk"},"content":{"rendered":"<p style=\"text-align: justify;\"><span style=\"color: #800000;\"><strong>Mosc\u00fa, 15 oct (SANA)<\/strong> <\/span>En su nuevo informe sobre la operaci\u00f3n militar especial para este 15 de octubre, el Ministerio de Defensa de Rusia inform\u00f3 que en las zonas de operaciones de los grupos Norte y Oeste en la regi\u00f3n de J\u00e1rkov y las rep\u00fablicas de Lugansk y Donetsk, las bajas del Ej\u00e9rcito ucraniano ascendieron hasta 330 militares, 3 dep\u00f3sitos de municiones y 2 obuses D-30.<\/p>\n<p style=\"text-align: justify;\">Mientras en las zonas de responsabilidad de las fuerzas de los grupos Sur y Centro, las p\u00e9rdidas de Kiev fueron de hasta 1.090 efectivos, dos veh\u00edculos blindados de combate y 5 obuses.<\/p>\n<p style=\"text-align: justify;\">Como resultado de acciones de los grupos Este y Dnepr, las p\u00e9rdidas de tropas ucranianas fueron de hasta 155 efectivos, un veh\u00edculo blindado de transporte de tropas, un sistema de artiller\u00eda autopropulsada Bogdana y un dep\u00f3sito de municiones.<\/p>\n<p style=\"text-align: justify;\">Por otro lado, los sistemas rusos de defensa antia\u00e9rea derribaron una bomba Hammer y 43 drones.<\/p>\n<p style=\"text-align: justify;\">En la regi\u00f3n rusa de Kursk, los militares rusos repelieron 8 contraataques de unidades ucranianas y las p\u00e9rdidas de Kiev ascendieron a m\u00e1s de 200 efectivos, 4 unidades de veh\u00edculos blindados, 3 morteros, un lanzacohetes m\u00faltiples BM-21 Grad y 2 autom\u00f3viles;<\/p>\n<p style=\"text-align: justify;\">Desde el inicio de los combates en la zona de Kursk, el Ej\u00e9rcito ucraniano perdi\u00f3 a m\u00e1s de 23.150 militares, 158 tanques, 72 veh\u00edculos de combate de infanter\u00eda, 100 veh\u00edculos blindados de transporte de tropas, 918 veh\u00edculos blindados de combate, 189 piezas de artiller\u00eda, 37 lanzacohetes m\u00faltiples y 9 lanzadores de sistemas de misiles antia\u00e9reos.<\/p>\n<p style=\"text-align: justify;\">fm\/as<\/p>\n","protected":false},"excerpt":{"rendered":"<p>Mosc\u00fa, 15 oct (SANA) En su nuevo informe sobre la operaci\u00f3n militar especial para este 15 de octubre, el Ministerio de Defensa de Rusia inform\u00f3 que en las zonas de operaciones de los grupos Norte y Oeste en la regi\u00f3n de J\u00e1rkov y las rep\u00fablicas de Lugansk y Donetsk, las bajas del Ej\u00e9rcito ucraniano ascendieron &hellip;<\/p>\n","protected":false},"author":42,"featured_media":340533,"comment_status":"closed","ping_status":"closed","sticky":false,"template":"","format":"standard","meta":{"footnotes":""},"categories":[597,456,16687,20724,583],"tags":[],"class_list":["post-340532","post","type-post","status-publish","format-standard","has-post-thumbnail","","category-cinta-de-noticias","category-arabe-internacional-politica","category-internacionales","category-minuto-a-minuto","category-slide"],"_links":{"self":[{"href":"https:\/\/archive.sana.sy\/es\/index.php?rest_route=\/wp\/v2\/posts\/340532"}],"collection":[{"href":"https:\/\/archive.sana.sy\/es\/index.php?rest_route=\/wp\/v2\/posts"}],"about":[{"href":"https:\/\/archive.sana.sy\/es\/index.php?rest_route=\/wp\/v2\/types\/post"}],"author":[{"embeddable":true,"href":"https:\/\/archive.sana.sy\/es\/index.php?rest_route=\/wp\/v2\/users\/42"}],"replies":[{"embeddable":true,"href":"https:\/\/archive.sana.sy\/es\/index.php?rest_route=%2Fwp%2Fv2%2Fcomments&post=340532"}],"version-history":[{"count":2,"href":"https:\/\/archive.sana.sy\/es\/index.php?rest_route=\/wp\/v2\/posts\/340532\/revisions"}],"predecessor-version":[{"id":340535,"href":"https:\/\/archive.sana.sy\/es\/index.php?rest_route=\/wp\/v2\/posts\/340532\/revisions\/340535"}],"wp:featuredmedia":[{"embeddable":true,"href":"https:\/\/archive.sana.sy\/es\/index.php?rest_route=\/wp\/v2\/media\/340533"}],"wp:attachment":[{"href":"https:\/\/archive.sana.sy\/es\/index.php?rest_route=%2Fwp%2Fv2%2Fmedia&parent=340532"}],"wp:term":[{"taxonomy":"category","embeddable":true,"href":"https:\/\/archive.sana.sy\/es\/index.php?rest_route=%2Fwp%2Fv2%2Fcategories&post=340532"},{"taxonomy":"post_tag","embeddable":true,"href":"https:\/\/archive.sana.sy\/es\/index.php?rest_route=%2Fwp%2Fv2%2Ftags&post=340532"}],"curies":[{"name":"wp","href":"https:\/\/api.w.org\/{rel}","templated":true}]}}