{"id":340537,"date":"2024-10-15T17:41:27","date_gmt":"2024-10-15T14:41:27","guid":{"rendered":"https:\/\/sana.sy\/es\/?p=340537"},"modified":"2024-10-15T17:41:27","modified_gmt":"2024-10-15T14:41:27","slug":"israel-se-cobro-la-vida-de-11-406-estudiantes-desde-el-inicio-de-su-guerra-de-exterminio-contra-gaza","status":"publish","type":"post","link":"https:\/\/archive.sana.sy\/es\/?p=340537","title":{"rendered":"\u201cIsrael\u201d se cobr\u00f3 la vida de 11.406 estudiantes desde el inicio de su guerra de exterminio contra Gaza"},"content":{"rendered":"<p style=\"text-align: justify\"><span style=\"color: #800000\"><strong>Jerusal\u00e9n ocupada, 15 oct (SANA)<\/strong> <\/span>El Ministerio de Educaci\u00f3n palestino revel\u00f3 en un comunicado emitido este martes que 11.406 estudiantes perdieron la vida y otros 18.556 resultaron heridos durante la guerra genocida que libra el ocupante israel\u00ed desde el 7 de octubre de 2023.<\/p>\n<p style=\"text-align: justify\">Precis\u00f3 que esta cifra abarca a 114 \u00a0m\u00e1rtires y 591 heridos de Cisjordania, s\u00famale la detenci\u00f3n de 439 alumnos.<\/p>\n<p style=\"text-align: justify\">Asimismo 550 profesores y administradores cayeron m\u00e1rtires y 3.717 resultaron lesionados \u00a0en Gaza y Cisjordania, y m\u00e1s de 145 fueron arrestados en esta \u00faltima.<\/p>\n<p style=\"text-align: justify\">El comunicado indic\u00f3 tambi\u00e9n que \u201cIsrael\u201d bombarde\u00f3 427 escuelas en la Franja asediada, 65 de las cuales son afiliados a la UNRWA, lo que provoc\u00f3 la destrucci\u00f3n completa de 62 de las mismas, y graves afectaciones a 124.<\/p>\n<p style=\"text-align: justify\">Se\u00f1al\u00f3 que desde el inicio de la brutal agresi\u00f3n 718 mil estudiantes de Gaza a\u00fan siguen siendo privados de matricularse en sus escuelas y universidades, mientras que la mayor\u00eda de los estudiantes sufren traumas psicol\u00f3gicos y pasan por dif\u00edciles condiciones de salud.<\/p>\n<p style=\"text-align: justify\">la<\/p>\n","protected":false},"excerpt":{"rendered":"<p>Jerusal\u00e9n ocupada, 15 oct (SANA) El Ministerio de Educaci\u00f3n palestino revel\u00f3 en un comunicado emitido este martes que 11.406 estudiantes perdieron la vida y otros 18.556 resultaron heridos durante la guerra genocida que libra el ocupante israel\u00ed desde el 7 de octubre de 2023. Precis\u00f3 que esta cifra abarca a 114 \u00a0m\u00e1rtires y 591 heridos &hellip;<\/p>\n","protected":false},"author":24,"featured_media":340538,"comment_status":"closed","ping_status":"closed","sticky":false,"template":"","format":"standard","meta":{"footnotes":""},"categories":[597,456,20724,583],"tags":[],"class_list":["post-340537","post","type-post","status-publish","format-standard","has-post-thumbnail","","category-cinta-de-noticias","category-arabe-internacional-politica","category-minuto-a-minuto","category-slide"],"_links":{"self":[{"href":"https:\/\/archive.sana.sy\/es\/index.php?rest_route=\/wp\/v2\/posts\/340537"}],"collection":[{"href":"https:\/\/archive.sana.sy\/es\/index.php?rest_route=\/wp\/v2\/posts"}],"about":[{"href":"https:\/\/archive.sana.sy\/es\/index.php?rest_route=\/wp\/v2\/types\/post"}],"author":[{"embeddable":true,"href":"https:\/\/archive.sana.sy\/es\/index.php?rest_route=\/wp\/v2\/users\/24"}],"replies":[{"embeddable":true,"href":"https:\/\/archive.sana.sy\/es\/index.php?rest_route=%2Fwp%2Fv2%2Fcomments&post=340537"}],"version-history":[{"count":1,"href":"https:\/\/archive.sana.sy\/es\/index.php?rest_route=\/wp\/v2\/posts\/340537\/revisions"}],"predecessor-version":[{"id":340539,"href":"https:\/\/archive.sana.sy\/es\/index.php?rest_route=\/wp\/v2\/posts\/340537\/revisions\/340539"}],"wp:featuredmedia":[{"embeddable":true,"href":"https:\/\/archive.sana.sy\/es\/index.php?rest_route=\/wp\/v2\/media\/340538"}],"wp:attachment":[{"href":"https:\/\/archive.sana.sy\/es\/index.php?rest_route=%2Fwp%2Fv2%2Fmedia&parent=340537"}],"wp:term":[{"taxonomy":"category","embeddable":true,"href":"https:\/\/archive.sana.sy\/es\/index.php?rest_route=%2Fwp%2Fv2%2Fcategories&post=340537"},{"taxonomy":"post_tag","embeddable":true,"href":"https:\/\/archive.sana.sy\/es\/index.php?rest_route=%2Fwp%2Fv2%2Ftags&post=340537"}],"curies":[{"name":"wp","href":"https:\/\/api.w.org\/{rel}","templated":true}]}}