{"id":340556,"date":"2024-10-15T17:49:53","date_gmt":"2024-10-15T14:49:53","guid":{"rendered":"https:\/\/sana.sy\/es\/?p=340556"},"modified":"2024-10-15T20:00:58","modified_gmt":"2024-10-15T17:00:58","slug":"naim-qassem-hezbola-recupero-la-fortaleza-y-el-campo-determinara-la-victoria","status":"publish","type":"post","link":"https:\/\/archive.sana.sy\/es\/?p=340556","title":{"rendered":"Naim Qassem: Hezbol\u00e1 recuper\u00f3 la fortaleza y el campo determinar\u00e1 la victoria"},"content":{"rendered":"<blockquote>\n<p style=\"text-align: justify\"><span style=\"color: #993300\">Qassem refrend\u00f3 que la Resistencia no ser\u00e1 derrotada \u00abporque es due\u00f1a de la tierra\u00bb, es fuerte, y el terreno lo confirma.<\/span><\/p>\n<\/blockquote>\n<p style=\"text-align: justify\"><span style=\"color: #800000\"><strong>Beirut, 15 oct (SANA)<\/strong> <\/span>El subesecretario general del movimiento pol\u00edtico y militar, Naim Qassem, dijo hoy que a pesar de los golpes, la Resistencia de L\u00edbano (Hezbol\u00e1) recuper\u00f3 la fortaleza, reconstruy\u00f3 su estructura organizativa y el campo determinar\u00e1 la victoria.<\/p>\n<p style=\"text-align: justify\">En un discurso televisado, el vicejefe de Hezbol\u00e1 denunci\u00f3 que la ocupaci\u00f3n israel\u00ed atac\u00f3 a miembros del ej\u00e9rcito liban\u00e9s, de la Fuerza Provisional de las Naciones Unidas (Unifil), y destruy\u00f3 lugares de culto, mezquitas, iglesias y convoyes de ayuda en su hostilidad contra la naci\u00f3n.<\/p>\n<p style=\"text-align: justify\">Cuestion\u00f3: \u00bfD\u00f3nde est\u00e1n las Naciones Unidas y los pa\u00edses occidentales ante la solicitud de Israel de que las fuerzas de la UNIFIL se retiren? \u00bfD\u00f3nde est\u00e1n las resoluciones internacionales que ellos exigen implementar?<\/p>\n<p style=\"text-align: justify\">Respecto a la confrontaci\u00f3n directa, apunt\u00f3 que la Resistencia ya no est\u00e1 en una fase de apoyo y comenz\u00f3 con la ecuaci\u00f3n en el campo de batalla en la primera l\u00ednea.<\/p>\n<p style=\"text-align: justify\">Sobre esta estapa en la lucha, destac\u00f3 que Hezbol\u00e1 atacar\u00e1 al ej\u00e9rcito israel\u00ed, sus centros de operaciones y cuarteles, y la soluci\u00f3n es un alto al fuego; \u00absi embargo, no hablamos desde una posici\u00f3n de debilidad ya que continuaremos con la respuesta mientras el enemigo mantenga la agresi\u00f3n\u00bb.<\/p>\n<p style=\"text-align: justify\">Qassem refrend\u00f3 que la Resistencia no ser\u00e1 derrotada \u00abporque es due\u00f1a de la tierra\u00bb, es fuerte, y el terreno lo confirma.<\/p>\n<p style=\"text-align: justify\">No podemos separar L\u00edbano de Palestina, ni la regi\u00f3n de Palestina, expres\u00f3 Qassem.<\/p>\n<p style=\"text-align: justify\">De acuerdo con la autoridad de Hezbol\u00e1, el gobierno de Tel Aviv apuesta por el crimen que aterroriza a los otros y en complicidad absoluta con Estados Unidos.<\/p>\n<p style=\"text-align: justify\">Qassem subray\u00f3 que las posiciones del m\u00e1rtir Nasrallah son la regla del trabajo de la Resistencia, \u00absus palabras son la luz de nuestro camino y sus discursos son la energ\u00eda de nuestra marcha\u00bb.<\/p>\n<p>&nbsp;<\/p>\n<p>fm\/la<\/p>\n","protected":false},"excerpt":{"rendered":"<p>Qassem refrend\u00f3 que la Resistencia no ser\u00e1 derrotada \u00abporque es due\u00f1a de la tierra\u00bb, es fuerte, y el terreno lo confirma. Beirut, 15 oct (SANA) El subesecretario general del movimiento pol\u00edtico y militar, Naim Qassem, dijo hoy que a pesar de los golpes, la Resistencia de L\u00edbano (Hezbol\u00e1) recuper\u00f3 la fortaleza, reconstruy\u00f3 su estructura organizativa &hellip;<\/p>\n","protected":false},"author":24,"featured_media":340557,"comment_status":"closed","ping_status":"closed","sticky":false,"template":"","format":"standard","meta":{"footnotes":""},"categories":[597,456,20724,583],"tags":[],"class_list":["post-340556","post","type-post","status-publish","format-standard","has-post-thumbnail","","category-cinta-de-noticias","category-arabe-internacional-politica","category-minuto-a-minuto","category-slide"],"_links":{"self":[{"href":"https:\/\/archive.sana.sy\/es\/index.php?rest_route=\/wp\/v2\/posts\/340556"}],"collection":[{"href":"https:\/\/archive.sana.sy\/es\/index.php?rest_route=\/wp\/v2\/posts"}],"about":[{"href":"https:\/\/archive.sana.sy\/es\/index.php?rest_route=\/wp\/v2\/types\/post"}],"author":[{"embeddable":true,"href":"https:\/\/archive.sana.sy\/es\/index.php?rest_route=\/wp\/v2\/users\/24"}],"replies":[{"embeddable":true,"href":"https:\/\/archive.sana.sy\/es\/index.php?rest_route=%2Fwp%2Fv2%2Fcomments&post=340556"}],"version-history":[{"count":1,"href":"https:\/\/archive.sana.sy\/es\/index.php?rest_route=\/wp\/v2\/posts\/340556\/revisions"}],"predecessor-version":[{"id":340558,"href":"https:\/\/archive.sana.sy\/es\/index.php?rest_route=\/wp\/v2\/posts\/340556\/revisions\/340558"}],"wp:featuredmedia":[{"embeddable":true,"href":"https:\/\/archive.sana.sy\/es\/index.php?rest_route=\/wp\/v2\/media\/340557"}],"wp:attachment":[{"href":"https:\/\/archive.sana.sy\/es\/index.php?rest_route=%2Fwp%2Fv2%2Fmedia&parent=340556"}],"wp:term":[{"taxonomy":"category","embeddable":true,"href":"https:\/\/archive.sana.sy\/es\/index.php?rest_route=%2Fwp%2Fv2%2Fcategories&post=340556"},{"taxonomy":"post_tag","embeddable":true,"href":"https:\/\/archive.sana.sy\/es\/index.php?rest_route=%2Fwp%2Fv2%2Ftags&post=340556"}],"curies":[{"name":"wp","href":"https:\/\/api.w.org\/{rel}","templated":true}]}}