{"id":34061,"date":"2015-11-22T19:18:05","date_gmt":"2015-11-22T17:18:05","guid":{"rendered":"http:\/\/sana.sy\/es\/?p=34061"},"modified":"2015-11-22T19:22:41","modified_gmt":"2015-11-22T17:22:41","slug":"diputados-franceses-llaman-a-cooperar-con-siria","status":"publish","type":"post","link":"https:\/\/archive.sana.sy\/es\/?p=34061","title":{"rendered":"Diputados franceses llaman a cooperar con Siria"},"content":{"rendered":"<p>Paris-Francia<\/p>\n<p>Un n\u00famero de diputados franceses han hecho un llamado al gobierno de su pa\u00eds para que se preste a colaborar con Siria en materia de la lucha antiterrorista, instando al jefe del gobierno franc\u00e9s, Manuel Vals a justificar su rechazo a cooperar con Damasco en la esfera de inteligencia.<\/p>\n<p>El diario galo Le Figaro, mencion\u00f3 que los diputados Jan Frederick Boison, Gilbert Collar, y Olivier Marle, enviaron notas verbales a Vals exigi\u00e9ndole una justificaci\u00f3n a su rechazo a colaborar con el gobierno sirio en materia de lucha antiterrorista, sobre todo, que el anterior jefe de la inteligencia gala, Bernard Scarsini, hab\u00eda incitado a dicha cooperaci\u00f3n.<\/p>\n<p>El diputado Marleh, opin\u00f3 que dicho rechazo del gobierno franc\u00e9s es sumamente riesgoso, ya que Francia se encuentra en un estado de guerra por lo que no deber\u00eda su gobierno rechazar cualquier informaci\u00f3n vital sobre los terroristas.<\/p>\n<p>Yamil K.<\/p>\n","protected":false},"excerpt":{"rendered":"<p>Paris-Francia Un n\u00famero de diputados franceses han hecho un llamado al gobierno de su pa\u00eds para que se preste a colaborar con Siria en materia de la lucha antiterrorista, instando al jefe del gobierno franc\u00e9s, Manuel Vals a justificar su rechazo a cooperar con Damasco en la esfera de inteligencia. El diario galo Le Figaro, &hellip;<\/p>\n","protected":false},"author":1,"featured_media":34062,"comment_status":"closed","ping_status":"closed","sticky":false,"template":"","format":"standard","meta":{"footnotes":""},"categories":[456,457,576],"tags":[],"class_list":["post-34061","post","type-post","status-publish","format-standard","has-post-thumbnail","","category-arabe-internacional-politica","category-noticias-arabe-internacional-politica","category-noticias-politicas"],"_links":{"self":[{"href":"https:\/\/archive.sana.sy\/es\/index.php?rest_route=\/wp\/v2\/posts\/34061"}],"collection":[{"href":"https:\/\/archive.sana.sy\/es\/index.php?rest_route=\/wp\/v2\/posts"}],"about":[{"href":"https:\/\/archive.sana.sy\/es\/index.php?rest_route=\/wp\/v2\/types\/post"}],"author":[{"embeddable":true,"href":"https:\/\/archive.sana.sy\/es\/index.php?rest_route=\/wp\/v2\/users\/1"}],"replies":[{"embeddable":true,"href":"https:\/\/archive.sana.sy\/es\/index.php?rest_route=%2Fwp%2Fv2%2Fcomments&post=34061"}],"version-history":[{"count":0,"href":"https:\/\/archive.sana.sy\/es\/index.php?rest_route=\/wp\/v2\/posts\/34061\/revisions"}],"wp:featuredmedia":[{"embeddable":true,"href":"https:\/\/archive.sana.sy\/es\/index.php?rest_route=\/wp\/v2\/media\/34062"}],"wp:attachment":[{"href":"https:\/\/archive.sana.sy\/es\/index.php?rest_route=%2Fwp%2Fv2%2Fmedia&parent=34061"}],"wp:term":[{"taxonomy":"category","embeddable":true,"href":"https:\/\/archive.sana.sy\/es\/index.php?rest_route=%2Fwp%2Fv2%2Fcategories&post=34061"},{"taxonomy":"post_tag","embeddable":true,"href":"https:\/\/archive.sana.sy\/es\/index.php?rest_route=%2Fwp%2Fv2%2Ftags&post=34061"}],"curies":[{"name":"wp","href":"https:\/\/api.w.org\/{rel}","templated":true}]}}