{"id":340620,"date":"2024-10-16T18:29:54","date_gmt":"2024-10-16T15:29:54","guid":{"rendered":"https:\/\/sana.sy\/es\/?p=340620"},"modified":"2024-10-16T18:34:07","modified_gmt":"2024-10-16T15:34:07","slug":"cancilleria-palestina-acoge-con-beneplacito-ultimas-resoluciones-de-la-unesco","status":"publish","type":"post","link":"https:\/\/archive.sana.sy\/es\/?p=340620","title":{"rendered":"Canciller\u00eda palestina acoge con benepl\u00e1cito recientes resoluciones de la UNESCO"},"content":{"rendered":"<p style=\"text-align: justify\"><span style=\"color: #800000\"><strong>Jerusal\u00e9n ocupada,16 oct (SANA)<\/strong><\/span> \u00a0En su 220\u00aa sesi\u00f3n en Par\u00eds, el Consejo Ejecutivo de la Organizaci\u00f3n de las Naciones Unidas para la Educaci\u00f3n, la Ciencia y la cultura, UNESCO, adopt\u00f3 por unanimidad dos resoluciones sobre Palestina.<\/p>\n<p style=\"text-align: justify\">En este contexto, el Ministerio de Relaciones Exteriores palestino acogi\u00f3 con benepl\u00e1cito estas \u00faltimas resoluciones, destacando su trascendente papel en preservar los derechos del pueblo palestino.<\/p>\n<p style=\"text-align: justify\">Agreg\u00f3 que la pol\u00edtica de doble rasero, y la inacci\u00f3n de la comunidad internacional hacia las flagrantes violaciones del ocupante son la raz\u00f3n detr\u00e1s \u00a0la continuaci\u00f3n de estos cr\u00edmenes.<\/p>\n<p style=\"text-align: justify\">Asimismo destac\u00f3 la importancia de estas decisiones en frenar los intentos israel\u00edes de falsificar y destruir deliberadamente lugares hist\u00f3ricos, patrimoniales y culturales en la ciudad ocupada de Jerusal\u00e9n y la Franja de Gaza, los cuales se consideran patrimonio no solamente palestino sino mundial.<\/p>\n<p style=\"text-align: justify\">Concluyendo su comunicado, la Canciller\u00eda advirti\u00f3 de que el incumplimiento de las resoluciones pertinentes de las Naciones Unidas no hacen m\u00e1s que alentar al ocupante a continuar con sus salvajadas, instando a la comunidad internacional y la UNESCO que tome medidas concretar para poner coto a las violaciones israel\u00edes contra las instituciones culturales y patrimoniales y los lugares sagrados cristianos e isl\u00e1micos en Palestina.<\/p>\n<p style=\"text-align: justify\">la<\/p>\n","protected":false},"excerpt":{"rendered":"<p>Jerusal\u00e9n ocupada,16 oct (SANA) \u00a0En su 220\u00aa sesi\u00f3n en Par\u00eds, el Consejo Ejecutivo de la Organizaci\u00f3n de las Naciones Unidas para la Educaci\u00f3n, la Ciencia y la cultura, UNESCO, adopt\u00f3 por unanimidad dos resoluciones sobre Palestina. En este contexto, el Ministerio de Relaciones Exteriores palestino acogi\u00f3 con benepl\u00e1cito estas \u00faltimas resoluciones, destacando su trascendente papel &hellip;<\/p>\n","protected":false},"author":24,"featured_media":340621,"comment_status":"closed","ping_status":"closed","sticky":false,"template":"","format":"standard","meta":{"footnotes":""},"categories":[597,456,20724,7541],"tags":[],"class_list":["post-340620","post","type-post","status-publish","format-standard","has-post-thumbnail","","category-cinta-de-noticias","category-arabe-internacional-politica","category-minuto-a-minuto","category-ultimas-noticias"],"_links":{"self":[{"href":"https:\/\/archive.sana.sy\/es\/index.php?rest_route=\/wp\/v2\/posts\/340620"}],"collection":[{"href":"https:\/\/archive.sana.sy\/es\/index.php?rest_route=\/wp\/v2\/posts"}],"about":[{"href":"https:\/\/archive.sana.sy\/es\/index.php?rest_route=\/wp\/v2\/types\/post"}],"author":[{"embeddable":true,"href":"https:\/\/archive.sana.sy\/es\/index.php?rest_route=\/wp\/v2\/users\/24"}],"replies":[{"embeddable":true,"href":"https:\/\/archive.sana.sy\/es\/index.php?rest_route=%2Fwp%2Fv2%2Fcomments&post=340620"}],"version-history":[{"count":6,"href":"https:\/\/archive.sana.sy\/es\/index.php?rest_route=\/wp\/v2\/posts\/340620\/revisions"}],"predecessor-version":[{"id":340627,"href":"https:\/\/archive.sana.sy\/es\/index.php?rest_route=\/wp\/v2\/posts\/340620\/revisions\/340627"}],"wp:featuredmedia":[{"embeddable":true,"href":"https:\/\/archive.sana.sy\/es\/index.php?rest_route=\/wp\/v2\/media\/340621"}],"wp:attachment":[{"href":"https:\/\/archive.sana.sy\/es\/index.php?rest_route=%2Fwp%2Fv2%2Fmedia&parent=340620"}],"wp:term":[{"taxonomy":"category","embeddable":true,"href":"https:\/\/archive.sana.sy\/es\/index.php?rest_route=%2Fwp%2Fv2%2Fcategories&post=340620"},{"taxonomy":"post_tag","embeddable":true,"href":"https:\/\/archive.sana.sy\/es\/index.php?rest_route=%2Fwp%2Fv2%2Ftags&post=340620"}],"curies":[{"name":"wp","href":"https:\/\/api.w.org\/{rel}","templated":true}]}}