{"id":340629,"date":"2024-10-16T19:13:22","date_gmt":"2024-10-16T16:13:22","guid":{"rendered":"https:\/\/sana.sy\/es\/?p=340629"},"modified":"2024-10-16T19:13:22","modified_gmt":"2024-10-16T16:13:22","slug":"nueva-ronda-de-reuniones-astana-sobre-siria-se-celebrara-antes-de-fin-del-ano-confirma-bogdanov","status":"publish","type":"post","link":"https:\/\/archive.sana.sy\/es\/?p=340629","title":{"rendered":"Nueva ronda de reuniones Astan\u00e1 sobre Siria se celebrar\u00e1 antes de fin del a\u00f1o, confirma Bogdanov"},"content":{"rendered":"<p style=\"text-align: justify\"><span style=\"color: #800000\"><strong>Mosc\u00fa, 16 oct (SANA)<\/strong><\/span> \u00a0El viceministro de Relaciones Exteriores de Rusia, Mikhail Bogdanov inform\u00f3 que una nueva reuni\u00f3n de formato de Astan\u00e1 sobre Siria deber\u00eda <span data-src-align=\"49:5\">tener<\/span> <span data-src-align=\"55:85\">lugar antes de que se acabe este a\u00f1o.<\/span><\/p>\n<p style=\"text-align: justify\">&#8220;La reuni\u00f3n se celebrar\u00e1 definitivamente\u201d cit\u00f3 ayer la agencia TASS al diplom\u00e1tico ruso, quien se\u00f1al\u00f3 que el encuentro se pospuso un poco por razones relacionadas con las agendas de trabajo de las partes.<\/p>\n<p style=\"text-align: justify\">El 24 de enero pasado, la 21\u00aa cumbre internacional de Astan\u00e1 sobre Siria arranc\u00f3 en la capital kazaja, donde se destac\u00f3 en su declaraci\u00f3n final la necesidad de respetar la soberan\u00eda e integridad territorial de Siria.<\/p>\n<p>la<\/p>\n","protected":false},"excerpt":{"rendered":"<p>Mosc\u00fa, 16 oct (SANA) \u00a0El viceministro de Relaciones Exteriores de Rusia, Mikhail Bogdanov inform\u00f3 que una nueva reuni\u00f3n de formato de Astan\u00e1 sobre Siria deber\u00eda tener lugar antes de que se acabe este a\u00f1o. &#8220;La reuni\u00f3n se celebrar\u00e1 definitivamente\u201d cit\u00f3 ayer la agencia TASS al diplom\u00e1tico ruso, quien se\u00f1al\u00f3 que el encuentro se pospuso un &hellip;<\/p>\n","protected":false},"author":24,"featured_media":340630,"comment_status":"closed","ping_status":"closed","sticky":false,"template":"","format":"standard","meta":{"footnotes":""},"categories":[597,467,7541],"tags":[],"class_list":["post-340629","post","type-post","status-publish","format-standard","has-post-thumbnail","","category-cinta-de-noticias","category-siria-y-el-mundo","category-ultimas-noticias"],"_links":{"self":[{"href":"https:\/\/archive.sana.sy\/es\/index.php?rest_route=\/wp\/v2\/posts\/340629"}],"collection":[{"href":"https:\/\/archive.sana.sy\/es\/index.php?rest_route=\/wp\/v2\/posts"}],"about":[{"href":"https:\/\/archive.sana.sy\/es\/index.php?rest_route=\/wp\/v2\/types\/post"}],"author":[{"embeddable":true,"href":"https:\/\/archive.sana.sy\/es\/index.php?rest_route=\/wp\/v2\/users\/24"}],"replies":[{"embeddable":true,"href":"https:\/\/archive.sana.sy\/es\/index.php?rest_route=%2Fwp%2Fv2%2Fcomments&post=340629"}],"version-history":[{"count":1,"href":"https:\/\/archive.sana.sy\/es\/index.php?rest_route=\/wp\/v2\/posts\/340629\/revisions"}],"predecessor-version":[{"id":340631,"href":"https:\/\/archive.sana.sy\/es\/index.php?rest_route=\/wp\/v2\/posts\/340629\/revisions\/340631"}],"wp:featuredmedia":[{"embeddable":true,"href":"https:\/\/archive.sana.sy\/es\/index.php?rest_route=\/wp\/v2\/media\/340630"}],"wp:attachment":[{"href":"https:\/\/archive.sana.sy\/es\/index.php?rest_route=%2Fwp%2Fv2%2Fmedia&parent=340629"}],"wp:term":[{"taxonomy":"category","embeddable":true,"href":"https:\/\/archive.sana.sy\/es\/index.php?rest_route=%2Fwp%2Fv2%2Fcategories&post=340629"},{"taxonomy":"post_tag","embeddable":true,"href":"https:\/\/archive.sana.sy\/es\/index.php?rest_route=%2Fwp%2Fv2%2Ftags&post=340629"}],"curies":[{"name":"wp","href":"https:\/\/api.w.org\/{rel}","templated":true}]}}