{"id":34064,"date":"2015-11-22T19:31:37","date_gmt":"2015-11-22T17:31:37","guid":{"rendered":"http:\/\/sana.sy\/es\/?p=34064"},"modified":"2015-11-22T19:31:37","modified_gmt":"2015-11-22T17:31:37","slug":"rusia-coordinar-los-esfuerzos-internacionales-contra-el-eiil","status":"publish","type":"post","link":"https:\/\/archive.sana.sy\/es\/?p=34064","title":{"rendered":"Rusia: coordinar los esfuerzos internacionales contra el EIIL"},"content":{"rendered":"<p>Mosc\u00fa-SANA<\/p>\n<p>El primer ministro ruso, Dimitri Medvedev, subray\u00f3 la necesidad de coordinar todos los esfuerzos internacionales bajo el patrocinio de Naciones Unidas para la lucha contra el terrorismo.<\/p>\n<p>En su palabra ante la cumbre de la junta de los estados del sureste de Asia, celebrada en Malasia, Medvedev aludi\u00f3 al peligro que representa la organizaci\u00f3n terrorista del DAESH, afirmando que ese grupo construye una seria amenaza para los pa\u00edses de Europa, Am\u00e9rica y el sureste y centro de Asia, subrayando la importancia de adoptar una postura unificada contra el terrorismo, sobre todo en los pa\u00edses que albergan grandes comunidades musulmanas, siendo ese el mejor paso para derrotar a los terroristas del DAESH. Asimismo abog\u00f3 por establecer un estructura unificada que garantice una seguridad equitativa a todos los pa\u00edses del mundo, incluidos los estados de Asia y del pacifico.<\/p>\n<p>El secretario general de Naciones Unidas, Ban Ke-moon, durante su reuni\u00f3n con el primer ministro ruso, Vladimir Medvedev, al margen de la cumbre, \u00a0ha afirmado que el organismo internacional apuesta por el papel fundamental y pionero de Rusia en la lucha antiterrorista.<\/p>\n<p>Ki-mon ha instado a la comunidad internacional a demostrar su solidaridad total y entrelazar esfuerzos para hacer frente mancomunadamente \u00a0al enemigo com\u00fan representado en el DAESH y otros grupos terroristas, a\u00f1adiendo que apuesta personalmente por que Rusia estar\u00e1 entre los pa\u00edses pioneros que participar\u00e1n en dicha lucha.<\/p>\n<p>Yamil K.<\/p>\n","protected":false},"excerpt":{"rendered":"<p>Mosc\u00fa-SANA El primer ministro ruso, Dimitri Medvedev, subray\u00f3 la necesidad de coordinar todos los esfuerzos internacionales bajo el patrocinio de Naciones Unidas para la lucha contra el terrorismo. En su palabra ante la cumbre de la junta de los estados del sureste de Asia, celebrada en Malasia, Medvedev aludi\u00f3 al peligro que representa la organizaci\u00f3n &hellip;<\/p>\n","protected":false},"author":1,"featured_media":34065,"comment_status":"closed","ping_status":"closed","sticky":false,"template":"","format":"standard","meta":{"footnotes":""},"categories":[456,457,576],"tags":[],"class_list":["post-34064","post","type-post","status-publish","format-standard","has-post-thumbnail","","category-arabe-internacional-politica","category-noticias-arabe-internacional-politica","category-noticias-politicas"],"_links":{"self":[{"href":"https:\/\/archive.sana.sy\/es\/index.php?rest_route=\/wp\/v2\/posts\/34064"}],"collection":[{"href":"https:\/\/archive.sana.sy\/es\/index.php?rest_route=\/wp\/v2\/posts"}],"about":[{"href":"https:\/\/archive.sana.sy\/es\/index.php?rest_route=\/wp\/v2\/types\/post"}],"author":[{"embeddable":true,"href":"https:\/\/archive.sana.sy\/es\/index.php?rest_route=\/wp\/v2\/users\/1"}],"replies":[{"embeddable":true,"href":"https:\/\/archive.sana.sy\/es\/index.php?rest_route=%2Fwp%2Fv2%2Fcomments&post=34064"}],"version-history":[{"count":0,"href":"https:\/\/archive.sana.sy\/es\/index.php?rest_route=\/wp\/v2\/posts\/34064\/revisions"}],"wp:featuredmedia":[{"embeddable":true,"href":"https:\/\/archive.sana.sy\/es\/index.php?rest_route=\/wp\/v2\/media\/34065"}],"wp:attachment":[{"href":"https:\/\/archive.sana.sy\/es\/index.php?rest_route=%2Fwp%2Fv2%2Fmedia&parent=34064"}],"wp:term":[{"taxonomy":"category","embeddable":true,"href":"https:\/\/archive.sana.sy\/es\/index.php?rest_route=%2Fwp%2Fv2%2Fcategories&post=34064"},{"taxonomy":"post_tag","embeddable":true,"href":"https:\/\/archive.sana.sy\/es\/index.php?rest_route=%2Fwp%2Fv2%2Ftags&post=34064"}],"curies":[{"name":"wp","href":"https:\/\/api.w.org\/{rel}","templated":true}]}}