{"id":340652,"date":"2024-10-17T10:51:54","date_gmt":"2024-10-17T07:51:54","guid":{"rendered":"https:\/\/sana.sy\/es\/?p=340652"},"modified":"2024-10-17T11:15:28","modified_gmt":"2024-10-17T08:15:28","slug":"resistencia-del-libano-destruye-dos-tanques-israelies-merkava","status":"publish","type":"post","link":"https:\/\/archive.sana.sy\/es\/?p=340652","title":{"rendered":"Resistencia del L\u00edbano destruye dos tanques israel\u00edes Merkava"},"content":{"rendered":"<p style=\"text-align: justify;\"><span style=\"color: #800000;\"><strong>Beirut, 17 oct (SANA)\u00a0<\/strong><\/span> La Resistencia del L\u00edbano (Hezbol\u00e1) anunci\u00f3 hoy haber atacado dos tanques israel\u00edes, en las alturas de Labouneh, en el sur del L\u00edbano.<\/p>\n<p style=\"text-align: justify;\">A trav\u00e9s de un comunicado, el grupo militar y pol\u00edtico liban\u00e9s inform\u00f3 que sus combatientes destruyeron los dos tanques y dejaron sus tripulantes entre muertos y heridos.<\/p>\n<p style=\"text-align: justify;\">En otra operaci\u00f3n, los integrantes del movimiento liban\u00e9s atacaron con misiles el asentamiento israel\u00ed de Kiryat Shemona, en el norte de la Palestina ocupada.<\/p>\n<p style=\"text-align: justify;\"><span style=\"color: #800000;\"><strong>ws\/fm<\/strong><\/span><\/p>\n","protected":false},"excerpt":{"rendered":"<p>Beirut, 17 oct (SANA)\u00a0 La Resistencia del L\u00edbano (Hezbol\u00e1) anunci\u00f3 hoy haber atacado dos tanques israel\u00edes, en las alturas de Labouneh, en el sur del L\u00edbano. A trav\u00e9s de un comunicado, el grupo militar y pol\u00edtico liban\u00e9s inform\u00f3 que sus combatientes destruyeron los dos tanques y dejaron sus tripulantes entre muertos y heridos. En otra &hellip;<\/p>\n","protected":false},"author":35,"featured_media":340653,"comment_status":"closed","ping_status":"closed","sticky":false,"template":"","format":"standard","meta":{"footnotes":""},"categories":[597,456,16687,20724,7541],"tags":[],"class_list":["post-340652","post","type-post","status-publish","format-standard","has-post-thumbnail","","category-cinta-de-noticias","category-arabe-internacional-politica","category-internacionales","category-minuto-a-minuto","category-ultimas-noticias"],"_links":{"self":[{"href":"https:\/\/archive.sana.sy\/es\/index.php?rest_route=\/wp\/v2\/posts\/340652"}],"collection":[{"href":"https:\/\/archive.sana.sy\/es\/index.php?rest_route=\/wp\/v2\/posts"}],"about":[{"href":"https:\/\/archive.sana.sy\/es\/index.php?rest_route=\/wp\/v2\/types\/post"}],"author":[{"embeddable":true,"href":"https:\/\/archive.sana.sy\/es\/index.php?rest_route=\/wp\/v2\/users\/35"}],"replies":[{"embeddable":true,"href":"https:\/\/archive.sana.sy\/es\/index.php?rest_route=%2Fwp%2Fv2%2Fcomments&post=340652"}],"version-history":[{"count":3,"href":"https:\/\/archive.sana.sy\/es\/index.php?rest_route=\/wp\/v2\/posts\/340652\/revisions"}],"predecessor-version":[{"id":340656,"href":"https:\/\/archive.sana.sy\/es\/index.php?rest_route=\/wp\/v2\/posts\/340652\/revisions\/340656"}],"wp:featuredmedia":[{"embeddable":true,"href":"https:\/\/archive.sana.sy\/es\/index.php?rest_route=\/wp\/v2\/media\/340653"}],"wp:attachment":[{"href":"https:\/\/archive.sana.sy\/es\/index.php?rest_route=%2Fwp%2Fv2%2Fmedia&parent=340652"}],"wp:term":[{"taxonomy":"category","embeddable":true,"href":"https:\/\/archive.sana.sy\/es\/index.php?rest_route=%2Fwp%2Fv2%2Fcategories&post=340652"},{"taxonomy":"post_tag","embeddable":true,"href":"https:\/\/archive.sana.sy\/es\/index.php?rest_route=%2Fwp%2Fv2%2Ftags&post=340652"}],"curies":[{"name":"wp","href":"https:\/\/api.w.org\/{rel}","templated":true}]}}