{"id":340658,"date":"2024-10-17T11:53:08","date_gmt":"2024-10-17T08:53:08","guid":{"rendered":"https:\/\/sana.sy\/es\/?p=340658"},"modified":"2024-10-31T10:49:07","modified_gmt":"2024-10-31T07:49:07","slug":"defensa-antiaerea-rusa-derriba-13-drones-ucranianos","status":"publish","type":"post","link":"https:\/\/archive.sana.sy\/es\/?p=340658","title":{"rendered":"Defensa antia\u00e9rea rusa derriba 13 drones ucranianos"},"content":{"rendered":"<p style=\"text-align: justify;\"><span style=\"color: #800000;\"><strong>Mosc\u00fa, 17 oct (SANA)\u00a0<\/strong><\/span> Los sistemas rusos de defensa a\u00e9rea derribaron 13 drones ucranianos este jueves sobre el territorio de la regi\u00f3n de Oryol.<\/p>\n<p style=\"text-align: justify;\">El Ministerio de Defensa inform\u00f3 en un comunicado que las fuerzas rusas frustraron un intento del r\u00e9gimen de Kiev de llevar a cabo un ataque terrorista utilizando drones contra objetivos en el territorio de la naci\u00f3n euroasi\u00e1tica.<\/p>\n<p style=\"text-align: justify;\">Seis de los veh\u00edculos a\u00e9reos no tripulados fueron interceptados sobre el territorio de la provincia de Oryol, 4 sobre Kursk y tres en el territorio de la provincia de Briansk, precis\u00f3 la entidad castrense.<\/p>\n<p style=\"text-align: justify;\">ed\/fm<\/p>\n","protected":false},"excerpt":{"rendered":"<p>Mosc\u00fa, 17 oct (SANA)\u00a0 Los sistemas rusos de defensa a\u00e9rea derribaron 13 drones ucranianos este jueves sobre el territorio de la regi\u00f3n de Oryol. El Ministerio de Defensa inform\u00f3 en un comunicado que las fuerzas rusas frustraron un intento del r\u00e9gimen de Kiev de llevar a cabo un ataque terrorista utilizando drones contra objetivos en &hellip;<\/p>\n","protected":false},"author":32,"featured_media":340659,"comment_status":"closed","ping_status":"closed","sticky":false,"template":"","format":"standard","meta":{"footnotes":""},"categories":[597,456,20724,7541],"tags":[],"class_list":["post-340658","post","type-post","status-publish","format-standard","has-post-thumbnail","","category-cinta-de-noticias","category-arabe-internacional-politica","category-minuto-a-minuto","category-ultimas-noticias"],"_links":{"self":[{"href":"https:\/\/archive.sana.sy\/es\/index.php?rest_route=\/wp\/v2\/posts\/340658"}],"collection":[{"href":"https:\/\/archive.sana.sy\/es\/index.php?rest_route=\/wp\/v2\/posts"}],"about":[{"href":"https:\/\/archive.sana.sy\/es\/index.php?rest_route=\/wp\/v2\/types\/post"}],"author":[{"embeddable":true,"href":"https:\/\/archive.sana.sy\/es\/index.php?rest_route=\/wp\/v2\/users\/32"}],"replies":[{"embeddable":true,"href":"https:\/\/archive.sana.sy\/es\/index.php?rest_route=%2Fwp%2Fv2%2Fcomments&post=340658"}],"version-history":[{"count":2,"href":"https:\/\/archive.sana.sy\/es\/index.php?rest_route=\/wp\/v2\/posts\/340658\/revisions"}],"predecessor-version":[{"id":341657,"href":"https:\/\/archive.sana.sy\/es\/index.php?rest_route=\/wp\/v2\/posts\/340658\/revisions\/341657"}],"wp:featuredmedia":[{"embeddable":true,"href":"https:\/\/archive.sana.sy\/es\/index.php?rest_route=\/wp\/v2\/media\/340659"}],"wp:attachment":[{"href":"https:\/\/archive.sana.sy\/es\/index.php?rest_route=%2Fwp%2Fv2%2Fmedia&parent=340658"}],"wp:term":[{"taxonomy":"category","embeddable":true,"href":"https:\/\/archive.sana.sy\/es\/index.php?rest_route=%2Fwp%2Fv2%2Fcategories&post=340658"},{"taxonomy":"post_tag","embeddable":true,"href":"https:\/\/archive.sana.sy\/es\/index.php?rest_route=%2Fwp%2Fv2%2Ftags&post=340658"}],"curies":[{"name":"wp","href":"https:\/\/api.w.org\/{rel}","templated":true}]}}