{"id":340672,"date":"2024-10-17T15:04:27","date_gmt":"2024-10-17T12:04:27","guid":{"rendered":"https:\/\/sana.sy\/es\/?p=340672"},"modified":"2024-10-17T15:04:40","modified_gmt":"2024-10-17T12:04:40","slug":"29-muertos-y-93-heridos-por-agresiones-israelies-contra-gaza-durante-el-ultimo-dia","status":"publish","type":"post","link":"https:\/\/archive.sana.sy\/es\/?p=340672","title":{"rendered":"29 muertos y 93 heridos por agresiones israel\u00edes contra Gaza durante el \u00faltimo d\u00eda"},"content":{"rendered":"<p style=\"text-align: justify;\"><span style=\"color: #800000;\"><strong>Jerusal\u00e9n ocupada, 17 oct (SANA)\u00a0<\/strong> <\/span>\u00a0El Ministerio de Salud palestino anunci\u00f3 hoy que el ocupante israel\u00ed cometi\u00f3 dos masacres en la Franja de Gaza durante las \u00faltimas 24 horas, con un saldo de 29 muertos y 93 heridos.<\/p>\n<p style=\"text-align: justify;\">Por medio de un comunicado, el n\u00famero de v\u00edctimas durante 377 de agresi\u00f3n contra el enclave costero aument\u00f3 42.387 muertos y 99.246 heridos.<\/p>\n<p style=\"text-align: justify;\">Precis\u00f3 que numerosas v\u00edctimas todav\u00eda se encuentran bajo los escombros y en las carreteras, y las ambulancias y equipos de defensa civil no pueden llegar hasta ellos.<\/p>\n<p style=\"text-align: justify;\">Durante el d\u00eda de hoy, 16 palestinos fallecieron por los bombardeos del ocupante contra diversas zonas de Cisjordania.<\/p>\n<p style=\"text-align: justify;\">Asimismo, se reportaron muertos y lesionados por un bombardeo contra una tienda de campa\u00f1a que albergaba a personas desplazadas en Deir Al-Balah, en el centro de la Franja de Gaza.<\/p>\n<p style=\"text-align: justify;\">fm\/ed<\/p>\n","protected":false},"excerpt":{"rendered":"<p>Jerusal\u00e9n ocupada, 17 oct (SANA)\u00a0 \u00a0El Ministerio de Salud palestino anunci\u00f3 hoy que el ocupante israel\u00ed cometi\u00f3 dos masacres en la Franja de Gaza durante las \u00faltimas 24 horas, con un saldo de 29 muertos y 93 heridos. Por medio de un comunicado, el n\u00famero de v\u00edctimas durante 377 de agresi\u00f3n contra el enclave costero &hellip;<\/p>\n","protected":false},"author":32,"featured_media":340673,"comment_status":"closed","ping_status":"closed","sticky":false,"template":"","format":"standard","meta":{"footnotes":""},"categories":[597,456,20724,583],"tags":[],"class_list":["post-340672","post","type-post","status-publish","format-standard","has-post-thumbnail","","category-cinta-de-noticias","category-arabe-internacional-politica","category-minuto-a-minuto","category-slide"],"_links":{"self":[{"href":"https:\/\/archive.sana.sy\/es\/index.php?rest_route=\/wp\/v2\/posts\/340672"}],"collection":[{"href":"https:\/\/archive.sana.sy\/es\/index.php?rest_route=\/wp\/v2\/posts"}],"about":[{"href":"https:\/\/archive.sana.sy\/es\/index.php?rest_route=\/wp\/v2\/types\/post"}],"author":[{"embeddable":true,"href":"https:\/\/archive.sana.sy\/es\/index.php?rest_route=\/wp\/v2\/users\/32"}],"replies":[{"embeddable":true,"href":"https:\/\/archive.sana.sy\/es\/index.php?rest_route=%2Fwp%2Fv2%2Fcomments&post=340672"}],"version-history":[{"count":1,"href":"https:\/\/archive.sana.sy\/es\/index.php?rest_route=\/wp\/v2\/posts\/340672\/revisions"}],"predecessor-version":[{"id":340674,"href":"https:\/\/archive.sana.sy\/es\/index.php?rest_route=\/wp\/v2\/posts\/340672\/revisions\/340674"}],"wp:featuredmedia":[{"embeddable":true,"href":"https:\/\/archive.sana.sy\/es\/index.php?rest_route=\/wp\/v2\/media\/340673"}],"wp:attachment":[{"href":"https:\/\/archive.sana.sy\/es\/index.php?rest_route=%2Fwp%2Fv2%2Fmedia&parent=340672"}],"wp:term":[{"taxonomy":"category","embeddable":true,"href":"https:\/\/archive.sana.sy\/es\/index.php?rest_route=%2Fwp%2Fv2%2Fcategories&post=340672"},{"taxonomy":"post_tag","embeddable":true,"href":"https:\/\/archive.sana.sy\/es\/index.php?rest_route=%2Fwp%2Fv2%2Ftags&post=340672"}],"curies":[{"name":"wp","href":"https:\/\/api.w.org\/{rel}","templated":true}]}}