{"id":340675,"date":"2024-10-17T15:32:29","date_gmt":"2024-10-17T12:32:29","guid":{"rendered":"https:\/\/sana.sy\/es\/?p=340675"},"modified":"2024-10-17T15:36:01","modified_gmt":"2024-10-17T12:36:01","slug":"cancilleria-siria-denuncia-criminal-agresion-israeli-contra-latakia","status":"publish","type":"post","link":"https:\/\/archive.sana.sy\/es\/?p=340675","title":{"rendered":"Canciller\u00eda siria denuncia criminal agresi\u00f3n israel\u00ed contra Latakia"},"content":{"rendered":"<p style=\"text-align: justify;\"><span style=\"color: #800000;\"><strong>Damasco, 17 oct (SANA)<\/strong><\/span>\u00a0 El gobierno sirio afirm\u00f3 hoy que los continuos ataques del ocupante israel\u00ed contra los pa\u00edses y pueblos de la regi\u00f3n requieren una acci\u00f3n urgente por parte de la comunidad internacional y la toma de medidas inmediatas para que los responsables de estos cr\u00edmenes y sus patrocinadores occidentales rindan cuentas.<\/p>\n<p style=\"text-align: justify;\">Un comunicado del Ministerio de Asuntos Exteriores afirm\u00f3 que \u201cla entidad sionista \u201cpasajera\u201d a\u00f1adi\u00f3 hoy un nuevo crimen a su largo historial de cr\u00edmenes de guerra y de lesa humanidad, al perpetrar una agresi\u00f3n a\u00e9rea desde el Mar Mediterr\u00e1neo contra una de las zonas cercanas a la entrada de la ciudad costera siria de Latakia.<\/p>\n<p style=\"text-align: justify;\">Precis\u00f3 que la agresi\u00f3n caus\u00f3 heridas a dos civiles y provoc\u00f3 da\u00f1os materiales en la propiedad privada, adem\u00e1s ocasionar grandes incendios.<\/p>\n<p style=\"text-align: justify;\">Este crimen se agrega al sangriento historial terrorista de Israel contra los pa\u00edses y pueblos de la regi\u00f3n, afirm\u00f3 la Canciller\u00eda.<\/p>\n<p style=\"text-align: justify;\">De acuerdo con el comunicado, todas las condenas expresadas repetidamente por Siria y otros pa\u00edses, no fueron suficientes para poner fin a las flagrantes violaciones de esta entidad.<\/p>\n<p style=\"text-align: justify;\">Hay que tomar una acci\u00f3n urgente por parte de todos los pa\u00edses del mundo para procesar a los responsables israel\u00edes y desenmascarar a sus patrocinadores occidentales, quienes al brindarle un paraguas de apoyo y protecci\u00f3n a Israel, se convierten en c\u00f3mplices de la agresi\u00f3n contra los pa\u00edses y pueblos de la regi\u00f3n, concluy\u00f3 el Ministerio su declaraci\u00f3n.<\/p>\n<p style=\"text-align: justify;\">fm\/ed<\/p>\n","protected":false},"excerpt":{"rendered":"<p>Damasco, 17 oct (SANA)\u00a0 El gobierno sirio afirm\u00f3 hoy que los continuos ataques del ocupante israel\u00ed contra los pa\u00edses y pueblos de la regi\u00f3n requieren una acci\u00f3n urgente por parte de la comunidad internacional y la toma de medidas inmediatas para que los responsables de estos cr\u00edmenes y sus patrocinadores occidentales rindan cuentas. Un comunicado &hellip;<\/p>\n","protected":false},"author":32,"featured_media":340678,"comment_status":"closed","ping_status":"closed","sticky":false,"template":"","format":"standard","meta":{"footnotes":""},"categories":[477,597,20724,476,583],"tags":[],"class_list":["post-340675","post","type-post","status-publish","format-standard","has-post-thumbnail","","category-noticias-edulcorantes","category-cinta-de-noticias","category-minuto-a-minuto","category-locales","category-slide"],"_links":{"self":[{"href":"https:\/\/archive.sana.sy\/es\/index.php?rest_route=\/wp\/v2\/posts\/340675"}],"collection":[{"href":"https:\/\/archive.sana.sy\/es\/index.php?rest_route=\/wp\/v2\/posts"}],"about":[{"href":"https:\/\/archive.sana.sy\/es\/index.php?rest_route=\/wp\/v2\/types\/post"}],"author":[{"embeddable":true,"href":"https:\/\/archive.sana.sy\/es\/index.php?rest_route=\/wp\/v2\/users\/32"}],"replies":[{"embeddable":true,"href":"https:\/\/archive.sana.sy\/es\/index.php?rest_route=%2Fwp%2Fv2%2Fcomments&post=340675"}],"version-history":[{"count":1,"href":"https:\/\/archive.sana.sy\/es\/index.php?rest_route=\/wp\/v2\/posts\/340675\/revisions"}],"predecessor-version":[{"id":340677,"href":"https:\/\/archive.sana.sy\/es\/index.php?rest_route=\/wp\/v2\/posts\/340675\/revisions\/340677"}],"wp:featuredmedia":[{"embeddable":true,"href":"https:\/\/archive.sana.sy\/es\/index.php?rest_route=\/wp\/v2\/media\/340678"}],"wp:attachment":[{"href":"https:\/\/archive.sana.sy\/es\/index.php?rest_route=%2Fwp%2Fv2%2Fmedia&parent=340675"}],"wp:term":[{"taxonomy":"category","embeddable":true,"href":"https:\/\/archive.sana.sy\/es\/index.php?rest_route=%2Fwp%2Fv2%2Fcategories&post=340675"},{"taxonomy":"post_tag","embeddable":true,"href":"https:\/\/archive.sana.sy\/es\/index.php?rest_route=%2Fwp%2Fv2%2Ftags&post=340675"}],"curies":[{"name":"wp","href":"https:\/\/api.w.org\/{rel}","templated":true}]}}