{"id":340682,"date":"2024-10-17T16:23:33","date_gmt":"2024-10-17T13:23:33","guid":{"rendered":"https:\/\/sana.sy\/es\/?p=340682"},"modified":"2024-10-17T16:23:52","modified_gmt":"2024-10-17T13:23:52","slug":"siria-e-iraq-coordinan-esfuerzos-para-apoyar-a-desplazados-procedentes-del-libano","status":"publish","type":"post","link":"https:\/\/archive.sana.sy\/es\/?p=340682","title":{"rendered":"Siria e Iraq coordinan esfuerzos para apoyar a los desplazados procedentes del L\u00edbano"},"content":{"rendered":"<p style=\"text-align: justify;\"><span style=\"color: #800000;\"><strong>Damasco, 17 oct (SANA)<\/strong><\/span>\u00a0 El ministro de Administraci\u00f3n Local y Medio Ambiente, Louay Kharita, sostuvo hoy una reuni\u00f3n con el Subsecretario del Ministerio iraqu\u00ed de Inmigraci\u00f3n y Desplazamiento, Karim Al-Nouri, en la cual ambas partes abordaron el seguimiento de las medidas adoptadas para recibir a los que llegan del L\u00edbano a Siria debido a la agresi\u00f3n israel\u00ed, garantizar una respuesta humanitaria de emergencia para ellos y esfuerzos concertados sirio-iraqu\u00edes en relaci\u00f3n con la llegada de una parte de los desplazados a Iraq.<\/p>\n<p style=\"text-align: justify;\">El titular sirio realiz\u00f3 una presentaci\u00f3n del total de medidas que el gobierno de su pa\u00eds tom\u00f3 en cada sector para ayudar a los refugiados y preparar centros de acogida para ellos, adem\u00e1s brindarles todo el socorro necesario.<\/p>\n<p style=\"text-align: justify;\">A su vez, el funcionario iraqu\u00ed explic\u00f3 que su visita a Siria se enmarca en el seguimiento de las condiciones de los desplazados, as\u00ed como ayudar a Damasco en su respuesta y brindarle el apoyo necesario para aliviar el sufrimiento de quienes llegar al territorio sirio.<\/p>\n<p style=\"text-align: justify;\">Adem\u00e1s, agradeci\u00f3 a Siria por haber recibido a los refugiados y satisfacer sus necesidades.<\/p>\n<p>sm<\/p>\n","protected":false},"excerpt":{"rendered":"<p>Damasco, 17 oct (SANA)\u00a0 El ministro de Administraci\u00f3n Local y Medio Ambiente, Louay Kharita, sostuvo hoy una reuni\u00f3n con el Subsecretario del Ministerio iraqu\u00ed de Inmigraci\u00f3n y Desplazamiento, Karim Al-Nouri, en la cual ambas partes abordaron el seguimiento de las medidas adoptadas para recibir a los que llegan del L\u00edbano a Siria debido a la &hellip;<\/p>\n","protected":false},"author":39,"featured_media":340683,"comment_status":"closed","ping_status":"closed","sticky":false,"template":"","format":"standard","meta":{"footnotes":""},"categories":[477,597,467,7541],"tags":[],"class_list":["post-340682","post","type-post","status-publish","format-standard","has-post-thumbnail","","category-noticias-edulcorantes","category-cinta-de-noticias","category-siria-y-el-mundo","category-ultimas-noticias"],"_links":{"self":[{"href":"https:\/\/archive.sana.sy\/es\/index.php?rest_route=\/wp\/v2\/posts\/340682"}],"collection":[{"href":"https:\/\/archive.sana.sy\/es\/index.php?rest_route=\/wp\/v2\/posts"}],"about":[{"href":"https:\/\/archive.sana.sy\/es\/index.php?rest_route=\/wp\/v2\/types\/post"}],"author":[{"embeddable":true,"href":"https:\/\/archive.sana.sy\/es\/index.php?rest_route=\/wp\/v2\/users\/39"}],"replies":[{"embeddable":true,"href":"https:\/\/archive.sana.sy\/es\/index.php?rest_route=%2Fwp%2Fv2%2Fcomments&post=340682"}],"version-history":[{"count":2,"href":"https:\/\/archive.sana.sy\/es\/index.php?rest_route=\/wp\/v2\/posts\/340682\/revisions"}],"predecessor-version":[{"id":340685,"href":"https:\/\/archive.sana.sy\/es\/index.php?rest_route=\/wp\/v2\/posts\/340682\/revisions\/340685"}],"wp:featuredmedia":[{"embeddable":true,"href":"https:\/\/archive.sana.sy\/es\/index.php?rest_route=\/wp\/v2\/media\/340683"}],"wp:attachment":[{"href":"https:\/\/archive.sana.sy\/es\/index.php?rest_route=%2Fwp%2Fv2%2Fmedia&parent=340682"}],"wp:term":[{"taxonomy":"category","embeddable":true,"href":"https:\/\/archive.sana.sy\/es\/index.php?rest_route=%2Fwp%2Fv2%2Fcategories&post=340682"},{"taxonomy":"post_tag","embeddable":true,"href":"https:\/\/archive.sana.sy\/es\/index.php?rest_route=%2Fwp%2Fv2%2Ftags&post=340682"}],"curies":[{"name":"wp","href":"https:\/\/api.w.org\/{rel}","templated":true}]}}