{"id":340710,"date":"2024-10-17T19:57:51","date_gmt":"2024-10-17T16:57:51","guid":{"rendered":"https:\/\/sana.sy\/es\/?p=340710"},"modified":"2024-10-17T19:57:51","modified_gmt":"2024-10-17T16:57:51","slug":"siria-y-unicef-examinan-fortalecer-cooperacion-y-brindar-apoyo-a-desplazados-libaneses","status":"publish","type":"post","link":"https:\/\/archive.sana.sy\/es\/?p=340710","title":{"rendered":"Siria y UNICEF examinan fortalecer cooperaci\u00f3n y brindar apoyo a desplazados libaneses"},"content":{"rendered":"<p style=\"text-align: justify;\"><span style=\"color: #800000;\"><strong>Damasco ,17 oct (SANA)<\/strong><\/span> La ministra de Asuntos Sociales y Trabajo, Samar Al-Sibai, analiz\u00f3 con el representante residente de UNICEF en Siria, Yasuo Masa Kimura, los proyectos de cooperaci\u00f3n conjunta entre las dos partes, los \u00edndices de implementaci\u00f3n alcanzados y el mecanismo para lograr avances en los programas de protecci\u00f3n social y de protecci\u00f3n infantil.<\/p>\n<p style=\"text-align: justify;\">En la reuni\u00f3n, se destac\u00f3 la respuesta de emergencia a los llegados del L\u00edbano, y lo que la UNICEF proporcion\u00f3 para apoyar los esfuerzos de respuesta de emergencia emprendidos por el gobierno sirio.<\/p>\n<p style=\"text-align: justify;\">La ministra siria explic\u00f3 los esfuerzos y las facilidades proporcionadas por el gobierno sirio a los reci\u00e9n llegados y para asegurar todas sus necesidades de salud, asistencia m\u00e9dica y servicios.<\/p>\n<p style=\"text-align: justify;\">Por su parte, el representante residente destac\u00f3 el apoyo del Ministerio al trabajo de la UNICEF en Siria y a\u00f1adi\u00f3 que el organismo est\u00e1 haciendo todos los esfuerzos posibles para movilizar apoyo y emplearlo para servir a los desplazados del L\u00edbano.<\/p>\n<p style=\"text-align: justify;\">ahs\/fm\u200f<\/p>\n","protected":false},"excerpt":{"rendered":"<p>Damasco ,17 oct (SANA) La ministra de Asuntos Sociales y Trabajo, Samar Al-Sibai, analiz\u00f3 con el representante residente de UNICEF en Siria, Yasuo Masa Kimura, los proyectos de cooperaci\u00f3n conjunta entre las dos partes, los \u00edndices de implementaci\u00f3n alcanzados y el mecanismo para lograr avances en los programas de protecci\u00f3n social y de protecci\u00f3n infantil. &hellip;<\/p>\n","protected":false},"author":43,"featured_media":340711,"comment_status":"closed","ping_status":"closed","sticky":false,"template":"","format":"standard","meta":{"footnotes":""},"categories":[597,20724,476,467,7541],"tags":[],"class_list":["post-340710","post","type-post","status-publish","format-standard","has-post-thumbnail","","category-cinta-de-noticias","category-minuto-a-minuto","category-locales","category-siria-y-el-mundo","category-ultimas-noticias"],"_links":{"self":[{"href":"https:\/\/archive.sana.sy\/es\/index.php?rest_route=\/wp\/v2\/posts\/340710"}],"collection":[{"href":"https:\/\/archive.sana.sy\/es\/index.php?rest_route=\/wp\/v2\/posts"}],"about":[{"href":"https:\/\/archive.sana.sy\/es\/index.php?rest_route=\/wp\/v2\/types\/post"}],"author":[{"embeddable":true,"href":"https:\/\/archive.sana.sy\/es\/index.php?rest_route=\/wp\/v2\/users\/43"}],"replies":[{"embeddable":true,"href":"https:\/\/archive.sana.sy\/es\/index.php?rest_route=%2Fwp%2Fv2%2Fcomments&post=340710"}],"version-history":[{"count":1,"href":"https:\/\/archive.sana.sy\/es\/index.php?rest_route=\/wp\/v2\/posts\/340710\/revisions"}],"predecessor-version":[{"id":340712,"href":"https:\/\/archive.sana.sy\/es\/index.php?rest_route=\/wp\/v2\/posts\/340710\/revisions\/340712"}],"wp:featuredmedia":[{"embeddable":true,"href":"https:\/\/archive.sana.sy\/es\/index.php?rest_route=\/wp\/v2\/media\/340711"}],"wp:attachment":[{"href":"https:\/\/archive.sana.sy\/es\/index.php?rest_route=%2Fwp%2Fv2%2Fmedia&parent=340710"}],"wp:term":[{"taxonomy":"category","embeddable":true,"href":"https:\/\/archive.sana.sy\/es\/index.php?rest_route=%2Fwp%2Fv2%2Fcategories&post=340710"},{"taxonomy":"post_tag","embeddable":true,"href":"https:\/\/archive.sana.sy\/es\/index.php?rest_route=%2Fwp%2Fv2%2Ftags&post=340710"}],"curies":[{"name":"wp","href":"https:\/\/api.w.org\/{rel}","templated":true}]}}