{"id":340716,"date":"2024-10-18T12:18:23","date_gmt":"2024-10-18T09:18:23","guid":{"rendered":"https:\/\/sana.sy\/es\/?p=340716"},"modified":"2024-10-18T12:18:23","modified_gmt":"2024-10-18T09:18:23","slug":"israel-prohibe-entrada-de-medicos-especialistas-a-gaza-denuncia-la-oms","status":"publish","type":"post","link":"https:\/\/archive.sana.sy\/es\/?p=340716","title":{"rendered":"\u201cIsrael\u201d proh\u00edbe entrada de m\u00e9dicos especialistas a Gaza, denuncia la\u00a0 OMS"},"content":{"rendered":"<p style=\"text-align: justify;\"><span style=\"color: #800000;\"><strong>Ginebra, 18 oct\u00a0 (SANA)<\/strong> <\/span>La Organizaci\u00f3n Mundial de la Salud denunci\u00f3 hoy que la entidad del ocupante israel\u00ed impide la entrada de m\u00e9dicos especialistas a la Franja de Gaza.<\/p>\n<p style=\"text-align: justify;\">\u201cOcho organizaciones y m\u00e1s de 50 empleados especializados fueron afectados desde agosto como resultado del actual asedio israel\u00ed y no pudieron apoyar el trabajo de las cl\u00ednicas m\u00e9dicas en Gaza, explic\u00f3 la Organizaci\u00f3n hoy en un comunicado.<\/p>\n<p style=\"text-align: justify;\">Agreg\u00f3 que los especialistas estaban destinados a brindar apoyo vital para diversos servicios m\u00e9dicos, adem\u00e1s del apoyo psicol\u00f3gico a los trabajadores sanitarios en instalaciones como el Hospital Europeo de Gaza y el Hospital Nasser.<\/p>\n<p style=\"text-align: justify;\">Entre las organizaciones que se les prohibi\u00f3 entrar en Gaza se encuentra la Sociedad M\u00e9dica Palestina Estadounidense, una organizaci\u00f3n sin fines de lucro que apoya a los palestinos que necesitan atenci\u00f3n m\u00e9dica.<\/p>\n<p style=\"text-align: justify;\">La OMS se\u00f1al\u00f3 que esta es la primera vez que \u201cIsrael\u201d impidi\u00f3 organizaciones enteras que participen en los esfuerzos de ayuda a la Franja de Gaza, y subray\u00f3 el papel indispensable de estos equipos externos en la prestaci\u00f3n de servicios m\u00e9dicos b\u00e1sicos.<\/p>\n<p style=\"text-align: justify;\">La entidad mundial exigi\u00f3 que se d\u00e9 permiso abierto de ingreso a Gaza para los equipos de socorro y emergencia m\u00e9dica.<\/p>\n<p style=\"text-align: justify;\">ahs\/fm<\/p>\n","protected":false},"excerpt":{"rendered":"<p>Ginebra, 18 oct\u00a0 (SANA) La Organizaci\u00f3n Mundial de la Salud denunci\u00f3 hoy que la entidad del ocupante israel\u00ed impide la entrada de m\u00e9dicos especialistas a la Franja de Gaza. \u201cOcho organizaciones y m\u00e1s de 50 empleados especializados fueron afectados desde agosto como resultado del actual asedio israel\u00ed y no pudieron apoyar el trabajo de las &hellip;<\/p>\n","protected":false},"author":43,"featured_media":340717,"comment_status":"closed","ping_status":"closed","sticky":false,"template":"","format":"standard","meta":{"footnotes":""},"categories":[597,456,16687,20724,583],"tags":[],"class_list":["post-340716","post","type-post","status-publish","format-standard","has-post-thumbnail","","category-cinta-de-noticias","category-arabe-internacional-politica","category-internacionales","category-minuto-a-minuto","category-slide"],"_links":{"self":[{"href":"https:\/\/archive.sana.sy\/es\/index.php?rest_route=\/wp\/v2\/posts\/340716"}],"collection":[{"href":"https:\/\/archive.sana.sy\/es\/index.php?rest_route=\/wp\/v2\/posts"}],"about":[{"href":"https:\/\/archive.sana.sy\/es\/index.php?rest_route=\/wp\/v2\/types\/post"}],"author":[{"embeddable":true,"href":"https:\/\/archive.sana.sy\/es\/index.php?rest_route=\/wp\/v2\/users\/43"}],"replies":[{"embeddable":true,"href":"https:\/\/archive.sana.sy\/es\/index.php?rest_route=%2Fwp%2Fv2%2Fcomments&post=340716"}],"version-history":[{"count":1,"href":"https:\/\/archive.sana.sy\/es\/index.php?rest_route=\/wp\/v2\/posts\/340716\/revisions"}],"predecessor-version":[{"id":340718,"href":"https:\/\/archive.sana.sy\/es\/index.php?rest_route=\/wp\/v2\/posts\/340716\/revisions\/340718"}],"wp:featuredmedia":[{"embeddable":true,"href":"https:\/\/archive.sana.sy\/es\/index.php?rest_route=\/wp\/v2\/media\/340717"}],"wp:attachment":[{"href":"https:\/\/archive.sana.sy\/es\/index.php?rest_route=%2Fwp%2Fv2%2Fmedia&parent=340716"}],"wp:term":[{"taxonomy":"category","embeddable":true,"href":"https:\/\/archive.sana.sy\/es\/index.php?rest_route=%2Fwp%2Fv2%2Fcategories&post=340716"},{"taxonomy":"post_tag","embeddable":true,"href":"https:\/\/archive.sana.sy\/es\/index.php?rest_route=%2Fwp%2Fv2%2Ftags&post=340716"}],"curies":[{"name":"wp","href":"https:\/\/api.w.org\/{rel}","templated":true}]}}