{"id":340719,"date":"2024-10-18T12:38:00","date_gmt":"2024-10-18T09:38:00","guid":{"rendered":"https:\/\/sana.sy\/es\/?p=340719"},"modified":"2024-10-18T12:38:00","modified_gmt":"2024-10-18T09:38:00","slug":"iran-pide-al-consejo-de-seguridad-medidas-inmediatas-y-decisivas-que-obligan-israel-a-detener-su-terrorismo","status":"publish","type":"post","link":"https:\/\/archive.sana.sy\/es\/?p=340719","title":{"rendered":"Ir\u00e1n pide al Consejo de Seguridad medidas inmediatas y decisivas que obligan \u201cIsrael\u201d a detener su terrorismo"},"content":{"rendered":"<p style=\"text-align: justify;\"><span style=\"color: #800000;\"><strong>Teher\u00e1n, 18 oct (SANA)<\/strong><\/span> Ir\u00e1n confirm\u00f3 hoy que la entidad del ocupante israel\u00ed representa una grave amenaza para la paz y seguridad internacionales, y pidi\u00f3 a la comunidad internacional, especialmente al Consejo de Seguridad, que asuma sus responsabilidades y hacer que Israel rinda cuentas.<\/p>\n<p style=\"text-align: justify;\">\u00a0\u201cLas acciones terroristas del ocupante israel\u00ed, as\u00ed como sus ataques continuos, est\u00e1n empujando toda la regi\u00f3n al borde de la guerra, y el Consejo de Seguridad no puede permanecer en silencio ante estos cr\u00edmenes\u201d, afirm\u00f3 el representante permanente de Ir\u00e1n ante las Naciones Unidas, Amir Saeid Iravani.<\/p>\n<p style=\"text-align: justify;\">La postura del diplom\u00e1tico iran\u00ed fue mencionada en una carta dirigida tanto al secretario general de las Naciones Unidas, Ant\u00f3nio Guterres, como al presidente del Consejo de Seguridad, Pascal Christen.<\/p>\n<p style=\"text-align: justify;\">El embajador destac\u00f3 que el apoyo de Ir\u00e1n a la resistencia es completamente leg\u00edtimo y consistente con el derecho internacional porque est\u00e1n luchando legal contra el ocupante brutal y sus ataques continuos.<\/p>\n<p style=\"text-align: justify;\">Enfatiz\u00f3 que la resistencia continuar\u00e1 mientras la entidad israel\u00ed contin\u00fae su ocupaci\u00f3n y ataques.<\/p>\n<p style=\"text-align: justify;\">Al final, el delegado iran\u00ed exigi\u00f3 que el Consejo de Seguridad intervenga para poner fin a las agresiones de la entidad israel\u00ed que perpetra sin disuasi\u00f3n contra Gaza, L\u00edbano y Siria, y obligarla a cumplir todas las resoluciones del Consejo de Seguridad relacionadas.<\/p>\n<p>ahs\/fm<\/p>\n","protected":false},"excerpt":{"rendered":"<p>Teher\u00e1n, 18 oct (SANA) Ir\u00e1n confirm\u00f3 hoy que la entidad del ocupante israel\u00ed representa una grave amenaza para la paz y seguridad internacionales, y pidi\u00f3 a la comunidad internacional, especialmente al Consejo de Seguridad, que asuma sus responsabilidades y hacer que Israel rinda cuentas. \u00a0\u201cLas acciones terroristas del ocupante israel\u00ed, as\u00ed como sus ataques continuos, &hellip;<\/p>\n","protected":false},"author":43,"featured_media":340720,"comment_status":"closed","ping_status":"closed","sticky":false,"template":"","format":"standard","meta":{"footnotes":""},"categories":[597,456,16687,20724,7541],"tags":[],"class_list":["post-340719","post","type-post","status-publish","format-standard","has-post-thumbnail","","category-cinta-de-noticias","category-arabe-internacional-politica","category-internacionales","category-minuto-a-minuto","category-ultimas-noticias"],"_links":{"self":[{"href":"https:\/\/archive.sana.sy\/es\/index.php?rest_route=\/wp\/v2\/posts\/340719"}],"collection":[{"href":"https:\/\/archive.sana.sy\/es\/index.php?rest_route=\/wp\/v2\/posts"}],"about":[{"href":"https:\/\/archive.sana.sy\/es\/index.php?rest_route=\/wp\/v2\/types\/post"}],"author":[{"embeddable":true,"href":"https:\/\/archive.sana.sy\/es\/index.php?rest_route=\/wp\/v2\/users\/43"}],"replies":[{"embeddable":true,"href":"https:\/\/archive.sana.sy\/es\/index.php?rest_route=%2Fwp%2Fv2%2Fcomments&post=340719"}],"version-history":[{"count":1,"href":"https:\/\/archive.sana.sy\/es\/index.php?rest_route=\/wp\/v2\/posts\/340719\/revisions"}],"predecessor-version":[{"id":340721,"href":"https:\/\/archive.sana.sy\/es\/index.php?rest_route=\/wp\/v2\/posts\/340719\/revisions\/340721"}],"wp:featuredmedia":[{"embeddable":true,"href":"https:\/\/archive.sana.sy\/es\/index.php?rest_route=\/wp\/v2\/media\/340720"}],"wp:attachment":[{"href":"https:\/\/archive.sana.sy\/es\/index.php?rest_route=%2Fwp%2Fv2%2Fmedia&parent=340719"}],"wp:term":[{"taxonomy":"category","embeddable":true,"href":"https:\/\/archive.sana.sy\/es\/index.php?rest_route=%2Fwp%2Fv2%2Fcategories&post=340719"},{"taxonomy":"post_tag","embeddable":true,"href":"https:\/\/archive.sana.sy\/es\/index.php?rest_route=%2Fwp%2Fv2%2Ftags&post=340719"}],"curies":[{"name":"wp","href":"https:\/\/api.w.org\/{rel}","templated":true}]}}