{"id":340722,"date":"2024-10-18T13:02:49","date_gmt":"2024-10-18T10:02:49","guid":{"rendered":"https:\/\/sana.sy\/es\/?p=340722"},"modified":"2024-10-18T13:05:08","modified_gmt":"2024-10-18T10:05:08","slug":"israel-extermino-por-completo-a-mil-206-familias-palestinas-en-gaza","status":"publish","type":"post","link":"https:\/\/archive.sana.sy\/es\/?p=340722","title":{"rendered":"&#8220;Israel&#8221; extermin\u00f3 por completo a mil 206 familias palestinas en Gaza"},"content":{"rendered":"<p style=\"text-align: justify;\">Jerusal\u00e9n ocupada, 18 oct (SANA) El Ministerio de Salud palestino anunci\u00f3 que el n\u00famero de familias palestinas que fueron borradas del registro civil ascendi\u00f3 a 1.206 familias durante un a\u00f1o de guerra genocida israel\u00ed contra la Franja de Gaza.<\/p>\n<p style=\"text-align: justify;\">\u00a0\u201cOtras 2.271 familias fueron aniquiladas y solo sobrevivi\u00f3 uno de sus miembros, mientras 3.110 familias sufrieron masacres y solo dos de sus miembros quedan vivos\u201d, declar\u00f3 el Ministerio.<\/p>\n<p style=\"text-align: justify;\">\u00a0\u00a0 Las autoridades de salud en Gaza denunciaron que el saldo total de v\u00edctimas durante 377 de agresi\u00f3n contra el enclave costero aument\u00f3 42 mil 387 muertos y 99 mil 246 heridos.<\/p>\n<p style=\"text-align: justify;\">\u00a0\u00a0 De acuerdo con las fuentes, miles de v\u00edctimas se encuentran a\u00fan bajo los escombros y en las carreteras, y las ambulancias y equipos de defensa civil no pueden llegar a ellos.<\/p>\n<p style=\"text-align: justify;\">ahs\/fm<\/p>\n","protected":false},"excerpt":{"rendered":"<p>Jerusal\u00e9n ocupada, 18 oct (SANA) El Ministerio de Salud palestino anunci\u00f3 que el n\u00famero de familias palestinas que fueron borradas del registro civil ascendi\u00f3 a 1.206 familias durante un a\u00f1o de guerra genocida israel\u00ed contra la Franja de Gaza. \u00a0\u201cOtras 2.271 familias fueron aniquiladas y solo sobrevivi\u00f3 uno de sus miembros, mientras 3.110 familias sufrieron &hellip;<\/p>\n","protected":false},"author":43,"featured_media":340723,"comment_status":"closed","ping_status":"closed","sticky":false,"template":"","format":"standard","meta":{"footnotes":""},"categories":[597,456,16687,20724,7541],"tags":[],"class_list":["post-340722","post","type-post","status-publish","format-standard","has-post-thumbnail","","category-cinta-de-noticias","category-arabe-internacional-politica","category-internacionales","category-minuto-a-minuto","category-ultimas-noticias"],"_links":{"self":[{"href":"https:\/\/archive.sana.sy\/es\/index.php?rest_route=\/wp\/v2\/posts\/340722"}],"collection":[{"href":"https:\/\/archive.sana.sy\/es\/index.php?rest_route=\/wp\/v2\/posts"}],"about":[{"href":"https:\/\/archive.sana.sy\/es\/index.php?rest_route=\/wp\/v2\/types\/post"}],"author":[{"embeddable":true,"href":"https:\/\/archive.sana.sy\/es\/index.php?rest_route=\/wp\/v2\/users\/43"}],"replies":[{"embeddable":true,"href":"https:\/\/archive.sana.sy\/es\/index.php?rest_route=%2Fwp%2Fv2%2Fcomments&post=340722"}],"version-history":[{"count":2,"href":"https:\/\/archive.sana.sy\/es\/index.php?rest_route=\/wp\/v2\/posts\/340722\/revisions"}],"predecessor-version":[{"id":340725,"href":"https:\/\/archive.sana.sy\/es\/index.php?rest_route=\/wp\/v2\/posts\/340722\/revisions\/340725"}],"wp:featuredmedia":[{"embeddable":true,"href":"https:\/\/archive.sana.sy\/es\/index.php?rest_route=\/wp\/v2\/media\/340723"}],"wp:attachment":[{"href":"https:\/\/archive.sana.sy\/es\/index.php?rest_route=%2Fwp%2Fv2%2Fmedia&parent=340722"}],"wp:term":[{"taxonomy":"category","embeddable":true,"href":"https:\/\/archive.sana.sy\/es\/index.php?rest_route=%2Fwp%2Fv2%2Fcategories&post=340722"},{"taxonomy":"post_tag","embeddable":true,"href":"https:\/\/archive.sana.sy\/es\/index.php?rest_route=%2Fwp%2Fv2%2Ftags&post=340722"}],"curies":[{"name":"wp","href":"https:\/\/api.w.org\/{rel}","templated":true}]}}