{"id":340740,"date":"2024-10-18T15:53:27","date_gmt":"2024-10-18T12:53:27","guid":{"rendered":"https:\/\/sana.sy\/es\/?p=340740"},"modified":"2024-10-18T15:53:27","modified_gmt":"2024-10-18T12:53:27","slug":"oms-israel-nos-impide-entrar-al-norte-de-la-franja-de-gaza-para-vacunar-a-los-ninos-contra-la-polio","status":"publish","type":"post","link":"https:\/\/archive.sana.sy\/es\/?p=340740","title":{"rendered":"OMS: \u201cIsrael\u201d nos impide entrar al norte de la Franja de Gaza para vacunar a los ni\u00f1os contra la polio"},"content":{"rendered":"<p style=\"text-align: justify;\"><strong><span style=\"color: #800000;\">Jerusal\u00e9n ocupada, 18 oct (SANA)\u00a0<\/span> \u00a0<\/strong>La Organizaci\u00f3n Mundial de la Salud (OMS) anunci\u00f3 que las autoridades israel\u00edes impiden a su personal ingresar al norte de la Franja de Gaza para vacunar a los ni\u00f1os contra la polio.<\/p>\n<p style=\"text-align: justify;\">El Director Regional de Emergencias de la Oficina de la OMS para el Mediterr\u00e1neo Oriental, Rick Brennan, afirm\u00f3 en una conferencia de prensa que la (OMS) hab\u00eda logrado vacunar contra la polio a ni\u00f1os menores de diez a\u00f1os en el centro y sur de la Franja de Gaza, pero ahora necesita llevar a cabo una nueva ronda de vacunas y, sin embargo, no ha recibido hasta el momento el permiso para que sus empleados entren en el norte de la Franja de Gaza.<\/p>\n<p style=\"text-align: justify;\">En v\u00edsperas, el referido organismo inform\u00f3 que las \u00f3rdenes de evacuaci\u00f3n y los ataques militares israel\u00edes en la Franja de Gaza, que se han intensificado en las \u00faltimas semanas, han perturbado gravemente las operaciones humanitarias.<\/p>\n<p style=\"text-align: justify;\">Agreg\u00f3 que las repetidas operaciones de desplazamiento han socavado la capacidad de la poblaci\u00f3n para adaptarse y obtener alimentos, agua, y medicina, lo que ha provocado un empeoramiento de la situaci\u00f3n.<\/p>\n<p style=\"text-align: justify;\">sm<\/p>\n","protected":false},"excerpt":{"rendered":"<p>Jerusal\u00e9n ocupada, 18 oct (SANA)\u00a0 \u00a0La Organizaci\u00f3n Mundial de la Salud (OMS) anunci\u00f3 que las autoridades israel\u00edes impiden a su personal ingresar al norte de la Franja de Gaza para vacunar a los ni\u00f1os contra la polio. El Director Regional de Emergencias de la Oficina de la OMS para el Mediterr\u00e1neo Oriental, Rick Brennan, afirm\u00f3 &hellip;<\/p>\n","protected":false},"author":39,"featured_media":340741,"comment_status":"closed","ping_status":"closed","sticky":false,"template":"","format":"standard","meta":{"footnotes":""},"categories":[597,456,16687,20724,7541],"tags":[],"class_list":["post-340740","post","type-post","status-publish","format-standard","has-post-thumbnail","","category-cinta-de-noticias","category-arabe-internacional-politica","category-internacionales","category-minuto-a-minuto","category-ultimas-noticias"],"_links":{"self":[{"href":"https:\/\/archive.sana.sy\/es\/index.php?rest_route=\/wp\/v2\/posts\/340740"}],"collection":[{"href":"https:\/\/archive.sana.sy\/es\/index.php?rest_route=\/wp\/v2\/posts"}],"about":[{"href":"https:\/\/archive.sana.sy\/es\/index.php?rest_route=\/wp\/v2\/types\/post"}],"author":[{"embeddable":true,"href":"https:\/\/archive.sana.sy\/es\/index.php?rest_route=\/wp\/v2\/users\/39"}],"replies":[{"embeddable":true,"href":"https:\/\/archive.sana.sy\/es\/index.php?rest_route=%2Fwp%2Fv2%2Fcomments&post=340740"}],"version-history":[{"count":1,"href":"https:\/\/archive.sana.sy\/es\/index.php?rest_route=\/wp\/v2\/posts\/340740\/revisions"}],"predecessor-version":[{"id":340742,"href":"https:\/\/archive.sana.sy\/es\/index.php?rest_route=\/wp\/v2\/posts\/340740\/revisions\/340742"}],"wp:featuredmedia":[{"embeddable":true,"href":"https:\/\/archive.sana.sy\/es\/index.php?rest_route=\/wp\/v2\/media\/340741"}],"wp:attachment":[{"href":"https:\/\/archive.sana.sy\/es\/index.php?rest_route=%2Fwp%2Fv2%2Fmedia&parent=340740"}],"wp:term":[{"taxonomy":"category","embeddable":true,"href":"https:\/\/archive.sana.sy\/es\/index.php?rest_route=%2Fwp%2Fv2%2Fcategories&post=340740"},{"taxonomy":"post_tag","embeddable":true,"href":"https:\/\/archive.sana.sy\/es\/index.php?rest_route=%2Fwp%2Fv2%2Ftags&post=340740"}],"curies":[{"name":"wp","href":"https:\/\/api.w.org\/{rel}","templated":true}]}}