{"id":340743,"date":"2024-10-18T16:30:44","date_gmt":"2024-10-18T13:30:44","guid":{"rendered":"https:\/\/sana.sy\/es\/?p=340743"},"modified":"2024-10-18T18:05:35","modified_gmt":"2024-10-18T15:05:35","slug":"resistencia-palestina-confirma-muerte-de-su-lider-politico-en-gaza","status":"publish","type":"post","link":"https:\/\/archive.sana.sy\/es\/?p=340743","title":{"rendered":"Resistencia Palestina confirma muerte de su l\u00edder pol\u00edtico en Gaza"},"content":{"rendered":"<p style=\"text-align: justify;\"><span style=\"color: #800000;\"><strong>Jerusal\u00e9n ocupada, 18 oct (SANA)<\/strong><\/span> El Movimiento de Resistencia Palestina (Ham\u00e1s) confirm\u00f3 hoy la muerte del jefe de su Bur\u00f3 Pol\u00edtico, Yehya Al-Sinwar.<\/p>\n<p style=\"text-align: justify;\">El martirio de Al-Sinwar y de otros luchadores s\u00f3lo fortalecer\u00e1 el movimiento Ham\u00e1s y su determinaci\u00f3n de continuar el camino de lucha por el establecimiento del Estado palestino con Jerusal\u00e9n como capital, dijo el comandante en el Movimiento Khalil Al-Hayya en una comparecencia televisiva.<\/p>\n<p style=\"text-align: justify;\">El l\u00edder Yehia Al-Sinwar pas\u00f3 a la eternidad. \u00c9l no claudic\u00f3 hasta el \u00faltimo momento de su vida y se mantuvo firme en Gaza, y su sangre y esp\u00edritu de lucha seguir\u00e1 iluminando el camino y constituir\u00e1 un incentivo para las actuales y pr\u00f3ximas generaciones de resistentes, afirm\u00f3 el dirigente.<\/p>\n<p style=\"text-align: justify;\">A su vez, el grupo de resistencia palestino \u201cBrigadas Al-Qassam\u201d emiti\u00f3 un comunicado en el que lament\u00f3 la muerte de Al-Sinwar y asegur\u00f3 que la lucha no se detendr\u00e1 hasta la liberaci\u00f3n de Palestina, la expulsi\u00f3n del \u00faltimo soldado sionista y la recuperaci\u00f3n de todos los derechos leg\u00edtimos.<\/p>\n<p style=\"text-align: justify;\">Entramos en esta importante y decisiva batalla con las dem\u00e1s facciones de la resistencia, sabiendo que el precio de la liberaci\u00f3n es muy alto, afirm\u00f3 el grupo.<\/p>\n<p style=\"text-align: justify;\">fm\/sm<\/p>\n","protected":false},"excerpt":{"rendered":"<p>Jerusal\u00e9n ocupada, 18 oct (SANA) El Movimiento de Resistencia Palestina (Ham\u00e1s) confirm\u00f3 hoy la muerte del jefe de su Bur\u00f3 Pol\u00edtico, Yehya Al-Sinwar. El martirio de Al-Sinwar y de otros luchadores s\u00f3lo fortalecer\u00e1 el movimiento Ham\u00e1s y su determinaci\u00f3n de continuar el camino de lucha por el establecimiento del Estado palestino con Jerusal\u00e9n como capital, &hellip;<\/p>\n","protected":false},"author":39,"featured_media":340746,"comment_status":"closed","ping_status":"closed","sticky":false,"template":"","format":"standard","meta":{"footnotes":""},"categories":[597,456,16687,20724,583],"tags":[],"class_list":["post-340743","post","type-post","status-publish","format-standard","has-post-thumbnail","","category-cinta-de-noticias","category-arabe-internacional-politica","category-internacionales","category-minuto-a-minuto","category-slide"],"_links":{"self":[{"href":"https:\/\/archive.sana.sy\/es\/index.php?rest_route=\/wp\/v2\/posts\/340743"}],"collection":[{"href":"https:\/\/archive.sana.sy\/es\/index.php?rest_route=\/wp\/v2\/posts"}],"about":[{"href":"https:\/\/archive.sana.sy\/es\/index.php?rest_route=\/wp\/v2\/types\/post"}],"author":[{"embeddable":true,"href":"https:\/\/archive.sana.sy\/es\/index.php?rest_route=\/wp\/v2\/users\/39"}],"replies":[{"embeddable":true,"href":"https:\/\/archive.sana.sy\/es\/index.php?rest_route=%2Fwp%2Fv2%2Fcomments&post=340743"}],"version-history":[{"count":1,"href":"https:\/\/archive.sana.sy\/es\/index.php?rest_route=\/wp\/v2\/posts\/340743\/revisions"}],"predecessor-version":[{"id":340745,"href":"https:\/\/archive.sana.sy\/es\/index.php?rest_route=\/wp\/v2\/posts\/340743\/revisions\/340745"}],"wp:featuredmedia":[{"embeddable":true,"href":"https:\/\/archive.sana.sy\/es\/index.php?rest_route=\/wp\/v2\/media\/340746"}],"wp:attachment":[{"href":"https:\/\/archive.sana.sy\/es\/index.php?rest_route=%2Fwp%2Fv2%2Fmedia&parent=340743"}],"wp:term":[{"taxonomy":"category","embeddable":true,"href":"https:\/\/archive.sana.sy\/es\/index.php?rest_route=%2Fwp%2Fv2%2Fcategories&post=340743"},{"taxonomy":"post_tag","embeddable":true,"href":"https:\/\/archive.sana.sy\/es\/index.php?rest_route=%2Fwp%2Fv2%2Ftags&post=340743"}],"curies":[{"name":"wp","href":"https:\/\/api.w.org\/{rel}","templated":true}]}}