{"id":340747,"date":"2024-10-18T16:34:52","date_gmt":"2024-10-18T13:34:52","guid":{"rendered":"https:\/\/sana.sy\/es\/?p=340747"},"modified":"2024-10-18T16:34:52","modified_gmt":"2024-10-18T13:34:52","slug":"quien-es-yehia-al-siwar-lider-de-hamas-asesinado-por-israel","status":"publish","type":"post","link":"https:\/\/archive.sana.sy\/es\/?p=340747","title":{"rendered":"\u00bfQui\u00e9n es Yehia Al-Siwar, l\u00edder de Ham\u00e1s asesinado por Israel?"},"content":{"rendered":"<p style=\"text-align: justify;\"><span style=\"color: #800000;\"><strong>Damasco, 18 oct (SANA)<\/strong> <\/span>Yehia Al-Sinwar naci\u00f3 en 1962 en el campamento de Khan Younis en la Franja de Gaza.<\/p>\n<p style=\"text-align: justify;\">Tras pasar 23 a\u00f1os en las prisiones israel\u00edes, Abu Ibrahim, como lo apodan, fue liberado y se uni\u00f3 a la resistencia convirti\u00e9ndose en el coordinador entre los l\u00edderes pol\u00edticos y militares de Hamas.<\/p>\n<p style=\"text-align: justify;\">Fue asignado como jefe del Bur\u00f3 Pol\u00edtico de Ham\u00e1s sucediendo a Ismael Hanieh, asesinado en Teher\u00e1n, en julio pasado.<\/p>\n<p style=\"text-align: justify;\">El fallecido representaba un verdadero desaf\u00edo y complejo para los servicios de seguridad e inteligencia israel\u00edes, que durante varios a\u00f1os, intentaron asesinarlo como bombardear su lugar de residencia en 2012 y 2021.<\/p>\n<p style=\"text-align: justify;\">Contribuy\u00f3 a la creaci\u00f3n de la Facultad de Artes de la Universidad Isl\u00e1mica de la Franja de Gaza.<\/p>\n<p style=\"text-align: justify;\">Estando en la prisi\u00f3n, escribi\u00f3 su novela \u201cCardos y Clavos\u201d, y adem\u00e1s del \u00e1rabe, Al-Sinwar aprendi\u00f3 hebreo durante el cautiverio y lo domin\u00f3, y lo consider\u00f3 un medio para conocer al enemigo.<\/p>\n<p>\u00c9l perdi\u00f3 la vida el pasado mi\u00e9rcoles en la ciudad de Rafah en el sur de la Franja de Gaza, tras un enfrentamiento directo con las fuerzas de ocupaci\u00f3n israel\u00edes que tuvieron que bombardear el edificio en el que se atrincheraba y asesinarlo a \u00e9l junto a dos de sus acompa\u00f1antes.<\/p>\n<p style=\"text-align: justify;\">fm\/sm<\/p>\n","protected":false},"excerpt":{"rendered":"<p>Damasco, 18 oct (SANA) Yehia Al-Sinwar naci\u00f3 en 1962 en el campamento de Khan Younis en la Franja de Gaza. Tras pasar 23 a\u00f1os en las prisiones israel\u00edes, Abu Ibrahim, como lo apodan, fue liberado y se uni\u00f3 a la resistencia convirti\u00e9ndose en el coordinador entre los l\u00edderes pol\u00edticos y militares de Hamas. Fue asignado &hellip;<\/p>\n","protected":false},"author":39,"featured_media":340748,"comment_status":"closed","ping_status":"closed","sticky":false,"template":"","format":"standard","meta":{"footnotes":""},"categories":[597,456,16687,20724,7541],"tags":[],"class_list":["post-340747","post","type-post","status-publish","format-standard","has-post-thumbnail","","category-cinta-de-noticias","category-arabe-internacional-politica","category-internacionales","category-minuto-a-minuto","category-ultimas-noticias"],"_links":{"self":[{"href":"https:\/\/archive.sana.sy\/es\/index.php?rest_route=\/wp\/v2\/posts\/340747"}],"collection":[{"href":"https:\/\/archive.sana.sy\/es\/index.php?rest_route=\/wp\/v2\/posts"}],"about":[{"href":"https:\/\/archive.sana.sy\/es\/index.php?rest_route=\/wp\/v2\/types\/post"}],"author":[{"embeddable":true,"href":"https:\/\/archive.sana.sy\/es\/index.php?rest_route=\/wp\/v2\/users\/39"}],"replies":[{"embeddable":true,"href":"https:\/\/archive.sana.sy\/es\/index.php?rest_route=%2Fwp%2Fv2%2Fcomments&post=340747"}],"version-history":[{"count":1,"href":"https:\/\/archive.sana.sy\/es\/index.php?rest_route=\/wp\/v2\/posts\/340747\/revisions"}],"predecessor-version":[{"id":340749,"href":"https:\/\/archive.sana.sy\/es\/index.php?rest_route=\/wp\/v2\/posts\/340747\/revisions\/340749"}],"wp:featuredmedia":[{"embeddable":true,"href":"https:\/\/archive.sana.sy\/es\/index.php?rest_route=\/wp\/v2\/media\/340748"}],"wp:attachment":[{"href":"https:\/\/archive.sana.sy\/es\/index.php?rest_route=%2Fwp%2Fv2%2Fmedia&parent=340747"}],"wp:term":[{"taxonomy":"category","embeddable":true,"href":"https:\/\/archive.sana.sy\/es\/index.php?rest_route=%2Fwp%2Fv2%2Fcategories&post=340747"},{"taxonomy":"post_tag","embeddable":true,"href":"https:\/\/archive.sana.sy\/es\/index.php?rest_route=%2Fwp%2Fv2%2Ftags&post=340747"}],"curies":[{"name":"wp","href":"https:\/\/api.w.org\/{rel}","templated":true}]}}