{"id":340753,"date":"2024-10-18T17:20:39","date_gmt":"2024-10-18T14:20:39","guid":{"rendered":"https:\/\/sana.sy\/es\/?p=340753"},"modified":"2024-10-18T17:20:39","modified_gmt":"2024-10-18T14:20:39","slug":"cifra-de-victimas-por-agresiones-israelies-en-gaza-aumenta-a-42-500-muertos-y-99-546-heridos","status":"publish","type":"post","link":"https:\/\/archive.sana.sy\/es\/?p=340753","title":{"rendered":"Cifra de v\u00edctimas por agresiones israel\u00edes en Gaza aumenta a 42.500 muertos y 99.546 heridos"},"content":{"rendered":"<p style=\"text-align: justify;\"><span style=\"color: #800000;\"><strong>Jerusal\u00e9n ocupada, 18 oct (SANA)<\/strong> <\/span>El Ministerio de Salud palestino inform\u00f3 hoy que la cifra de v\u00edctimas por la agresi\u00f3n del ocupante israel\u00ed contra la Franja de Gaza aument\u00f3 a 42.500 muertos, la mayor\u00eda son mujeres y ni\u00f1os, y 99 mil 546 heridos, desde el 7 de octubre de 2023.<\/p>\n<p style=\"text-align: justify;\">Las mismas fuentes explicaron que las fuerzas de ocupaci\u00f3n cometieron 4 masacres contra familias en la Franja de Gaza durante las \u00faltimas 24 horas, dejando un saldo de 62 muertos y 300 heridos.<\/p>\n<p style=\"text-align: justify;\">Asimismo, miles de v\u00edctimas siguen bajo los escombros y en las carreteras, y las ambulancias y los equipos de rescate no pueden llegar a ellos.<\/p>\n<p style=\"text-align: justify;\">fm\/sm<\/p>\n","protected":false},"excerpt":{"rendered":"<p>Jerusal\u00e9n ocupada, 18 oct (SANA) El Ministerio de Salud palestino inform\u00f3 hoy que la cifra de v\u00edctimas por la agresi\u00f3n del ocupante israel\u00ed contra la Franja de Gaza aument\u00f3 a 42.500 muertos, la mayor\u00eda son mujeres y ni\u00f1os, y 99 mil 546 heridos, desde el 7 de octubre de 2023. Las mismas fuentes explicaron que &hellip;<\/p>\n","protected":false},"author":39,"featured_media":340754,"comment_status":"closed","ping_status":"closed","sticky":false,"template":"","format":"standard","meta":{"footnotes":""},"categories":[597,456,16687,20724,583],"tags":[],"class_list":["post-340753","post","type-post","status-publish","format-standard","has-post-thumbnail","","category-cinta-de-noticias","category-arabe-internacional-politica","category-internacionales","category-minuto-a-minuto","category-slide"],"_links":{"self":[{"href":"https:\/\/archive.sana.sy\/es\/index.php?rest_route=\/wp\/v2\/posts\/340753"}],"collection":[{"href":"https:\/\/archive.sana.sy\/es\/index.php?rest_route=\/wp\/v2\/posts"}],"about":[{"href":"https:\/\/archive.sana.sy\/es\/index.php?rest_route=\/wp\/v2\/types\/post"}],"author":[{"embeddable":true,"href":"https:\/\/archive.sana.sy\/es\/index.php?rest_route=\/wp\/v2\/users\/39"}],"replies":[{"embeddable":true,"href":"https:\/\/archive.sana.sy\/es\/index.php?rest_route=%2Fwp%2Fv2%2Fcomments&post=340753"}],"version-history":[{"count":1,"href":"https:\/\/archive.sana.sy\/es\/index.php?rest_route=\/wp\/v2\/posts\/340753\/revisions"}],"predecessor-version":[{"id":340755,"href":"https:\/\/archive.sana.sy\/es\/index.php?rest_route=\/wp\/v2\/posts\/340753\/revisions\/340755"}],"wp:featuredmedia":[{"embeddable":true,"href":"https:\/\/archive.sana.sy\/es\/index.php?rest_route=\/wp\/v2\/media\/340754"}],"wp:attachment":[{"href":"https:\/\/archive.sana.sy\/es\/index.php?rest_route=%2Fwp%2Fv2%2Fmedia&parent=340753"}],"wp:term":[{"taxonomy":"category","embeddable":true,"href":"https:\/\/archive.sana.sy\/es\/index.php?rest_route=%2Fwp%2Fv2%2Fcategories&post=340753"},{"taxonomy":"post_tag","embeddable":true,"href":"https:\/\/archive.sana.sy\/es\/index.php?rest_route=%2Fwp%2Fv2%2Ftags&post=340753"}],"curies":[{"name":"wp","href":"https:\/\/api.w.org\/{rel}","templated":true}]}}