{"id":340756,"date":"2024-10-18T18:27:40","date_gmt":"2024-10-18T15:27:40","guid":{"rendered":"https:\/\/sana.sy\/es\/?p=340756"},"modified":"2024-10-18T18:27:40","modified_gmt":"2024-10-18T15:27:40","slug":"continuaremos-la-batalla-y-la-victoria-sera-nuestra-comenta-putin-sobre-la-situacion-en-ucrania","status":"publish","type":"post","link":"https:\/\/archive.sana.sy\/es\/?p=340756","title":{"rendered":"Continuaremos la batalla y la victoria ser\u00e1 nuestra, comenta Put\u00edn sobre la situaci\u00f3n en Ucrania"},"content":{"rendered":"<p style=\"text-align: justify;\"><span style=\"color: #800000;\"><strong>Mosc\u00fa, 18 oct (SANA)\u00a0<\/strong><\/span> En una conversaci\u00f3n con periodistas que representan a varios medios de los pa\u00edses del BRICS, e presidente ruso, Vlad\u00edmir Putin, respondi\u00f3 a una pregunta sobre el plazo para poner fin al conflicto con Ucrania.<\/p>\n<p style=\"text-align: justify;\">Seg\u00fan el l\u00edder ruso, es contraproducente determinar el plazo para poner fin al conflicto, pero la victoria ser\u00e1 de Rusia.<\/p>\n<p style=\"text-align: justify;\">&#8220;Y cuando los de la OTAN se cansen de luchar contra nosotros, preg\u00fantenselo tambi\u00e9n. Estamos preparados para continuar la batalla y la victoria ser\u00e1 nuestra&#8221;, afirm\u00f3 el mandatario citado por RT.<\/p>\n<p style=\"text-align: justify;\">Puntualiz\u00f3 que &#8220;la OTAN est\u00e1 en guerra con Rusia, pero a manos de soldados ucranianos, y Kiev no escatima sus soldados en inter\u00e9s de terceros Estados.<\/p>\n<p style=\"text-align: justify;\">Ucrania no utiliza armas de alta tecnolog\u00eda. Eso lo hace la OTAN. Y el Ej\u00e9rcito ruso lucha por s\u00ed mismo, crea productos militares por s\u00ed mismo y fabrica &#8216;software&#8217; por s\u00ed mismo. Es una diferencia enorme, se\u00f1al\u00f3 Putin.<\/p>\n<p style=\"text-align: justify;\">fm\/sm<\/p>\n","protected":false},"excerpt":{"rendered":"<p>Mosc\u00fa, 18 oct (SANA)\u00a0 En una conversaci\u00f3n con periodistas que representan a varios medios de los pa\u00edses del BRICS, e presidente ruso, Vlad\u00edmir Putin, respondi\u00f3 a una pregunta sobre el plazo para poner fin al conflicto con Ucrania. Seg\u00fan el l\u00edder ruso, es contraproducente determinar el plazo para poner fin al conflicto, pero la victoria &hellip;<\/p>\n","protected":false},"author":39,"featured_media":340757,"comment_status":"closed","ping_status":"closed","sticky":false,"template":"","format":"standard","meta":{"footnotes":""},"categories":[597,456,16687,20724,7541],"tags":[],"class_list":["post-340756","post","type-post","status-publish","format-standard","has-post-thumbnail","","category-cinta-de-noticias","category-arabe-internacional-politica","category-internacionales","category-minuto-a-minuto","category-ultimas-noticias"],"_links":{"self":[{"href":"https:\/\/archive.sana.sy\/es\/index.php?rest_route=\/wp\/v2\/posts\/340756"}],"collection":[{"href":"https:\/\/archive.sana.sy\/es\/index.php?rest_route=\/wp\/v2\/posts"}],"about":[{"href":"https:\/\/archive.sana.sy\/es\/index.php?rest_route=\/wp\/v2\/types\/post"}],"author":[{"embeddable":true,"href":"https:\/\/archive.sana.sy\/es\/index.php?rest_route=\/wp\/v2\/users\/39"}],"replies":[{"embeddable":true,"href":"https:\/\/archive.sana.sy\/es\/index.php?rest_route=%2Fwp%2Fv2%2Fcomments&post=340756"}],"version-history":[{"count":1,"href":"https:\/\/archive.sana.sy\/es\/index.php?rest_route=\/wp\/v2\/posts\/340756\/revisions"}],"predecessor-version":[{"id":340758,"href":"https:\/\/archive.sana.sy\/es\/index.php?rest_route=\/wp\/v2\/posts\/340756\/revisions\/340758"}],"wp:featuredmedia":[{"embeddable":true,"href":"https:\/\/archive.sana.sy\/es\/index.php?rest_route=\/wp\/v2\/media\/340757"}],"wp:attachment":[{"href":"https:\/\/archive.sana.sy\/es\/index.php?rest_route=%2Fwp%2Fv2%2Fmedia&parent=340756"}],"wp:term":[{"taxonomy":"category","embeddable":true,"href":"https:\/\/archive.sana.sy\/es\/index.php?rest_route=%2Fwp%2Fv2%2Fcategories&post=340756"},{"taxonomy":"post_tag","embeddable":true,"href":"https:\/\/archive.sana.sy\/es\/index.php?rest_route=%2Fwp%2Fv2%2Ftags&post=340756"}],"curies":[{"name":"wp","href":"https:\/\/api.w.org\/{rel}","templated":true}]}}