{"id":340778,"date":"2024-10-19T09:54:44","date_gmt":"2024-10-19T06:54:44","guid":{"rendered":"https:\/\/sana.sy\/es\/?p=340778"},"modified":"2024-10-19T09:54:44","modified_gmt":"2024-10-19T06:54:44","slug":"la-resistencia-iraqui-ataca-una-posicion-militar-israeli-en-el-norte-de-palestina-ocupada","status":"publish","type":"post","link":"https:\/\/archive.sana.sy\/es\/?p=340778","title":{"rendered":"La resistencia iraqu\u00ed ataca una posici\u00f3n militar israel\u00ed en el norte de Palestina ocupada"},"content":{"rendered":"<p style=\"text-align: justify;\"><span style=\"color: #800000;\">Bagdad, 19 oct (SANA)<\/span> La Resistencia en Iraq atac\u00f3 con drones un objetivo militar israel\u00ed en el norte de Palestina ocupada.<\/p>\n<p style=\"text-align: justify;\">Por medio de un comunicado, la Resistencia explic\u00f3 que su acci\u00f3n es una continuaci\u00f3n del enfoque de apoyo a Palestina y L\u00edbano, y en respuesta a las masacres cometidas por la entidad usurpadora contra civiles, incluidos ni\u00f1os, mujeres y ancianos.<\/p>\n<p style=\"text-align: justify;\">Al concluir su comunicado, la Resistencia confirm\u00f3 que continuar\u00e1 sus operaciones contra blancos sionistas y a un ritmo cada vez mayor.<\/p>\n<p style=\"text-align: justify;\">La v\u00edspera, la resistencia iraqu\u00ed anunci\u00f3 que hab\u00eda atacado con drones un sitio vital del enemigo israel\u00ed en el norte de la Palestina ocupada.<\/p>\n<p style=\"text-align: justify;\"><strong>fm\/ah<\/strong><\/p>\n","protected":false},"excerpt":{"rendered":"<p>Bagdad, 19 oct (SANA) La Resistencia en Iraq atac\u00f3 con drones un objetivo militar israel\u00ed en el norte de Palestina ocupada. Por medio de un comunicado, la Resistencia explic\u00f3 que su acci\u00f3n es una continuaci\u00f3n del enfoque de apoyo a Palestina y L\u00edbano, y en respuesta a las masacres cometidas por la entidad usurpadora contra &hellip;<\/p>\n","protected":false},"author":30,"featured_media":340779,"comment_status":"closed","ping_status":"closed","sticky":false,"template":"","format":"standard","meta":{"footnotes":""},"categories":[597,456,20724,7541],"tags":[],"class_list":["post-340778","post","type-post","status-publish","format-standard","has-post-thumbnail","","category-cinta-de-noticias","category-arabe-internacional-politica","category-minuto-a-minuto","category-ultimas-noticias"],"_links":{"self":[{"href":"https:\/\/archive.sana.sy\/es\/index.php?rest_route=\/wp\/v2\/posts\/340778"}],"collection":[{"href":"https:\/\/archive.sana.sy\/es\/index.php?rest_route=\/wp\/v2\/posts"}],"about":[{"href":"https:\/\/archive.sana.sy\/es\/index.php?rest_route=\/wp\/v2\/types\/post"}],"author":[{"embeddable":true,"href":"https:\/\/archive.sana.sy\/es\/index.php?rest_route=\/wp\/v2\/users\/30"}],"replies":[{"embeddable":true,"href":"https:\/\/archive.sana.sy\/es\/index.php?rest_route=%2Fwp%2Fv2%2Fcomments&post=340778"}],"version-history":[{"count":1,"href":"https:\/\/archive.sana.sy\/es\/index.php?rest_route=\/wp\/v2\/posts\/340778\/revisions"}],"predecessor-version":[{"id":340780,"href":"https:\/\/archive.sana.sy\/es\/index.php?rest_route=\/wp\/v2\/posts\/340778\/revisions\/340780"}],"wp:featuredmedia":[{"embeddable":true,"href":"https:\/\/archive.sana.sy\/es\/index.php?rest_route=\/wp\/v2\/media\/340779"}],"wp:attachment":[{"href":"https:\/\/archive.sana.sy\/es\/index.php?rest_route=%2Fwp%2Fv2%2Fmedia&parent=340778"}],"wp:term":[{"taxonomy":"category","embeddable":true,"href":"https:\/\/archive.sana.sy\/es\/index.php?rest_route=%2Fwp%2Fv2%2Fcategories&post=340778"},{"taxonomy":"post_tag","embeddable":true,"href":"https:\/\/archive.sana.sy\/es\/index.php?rest_route=%2Fwp%2Fv2%2Ftags&post=340778"}],"curies":[{"name":"wp","href":"https:\/\/api.w.org\/{rel}","templated":true}]}}