{"id":340781,"date":"2024-10-19T10:27:19","date_gmt":"2024-10-19T07:27:19","guid":{"rendered":"https:\/\/sana.sy\/es\/?p=340781"},"modified":"2024-10-19T10:27:19","modified_gmt":"2024-10-19T07:27:19","slug":"residencia-de-netanyahu-atacada-con-un-dron-de-la-resistencia-libanesa","status":"publish","type":"post","link":"https:\/\/archive.sana.sy\/es\/?p=340781","title":{"rendered":"Residencia de Netanyahu atacada con un dron de la resistencia libanesa"},"content":{"rendered":"<p style=\"text-align: justify;\"><span style=\"color: #800000;\"><strong>Jerusal\u00e9n ocupada, 19 oct (SANA)<\/strong><\/span> Un veh\u00edculo a\u00e9reo no tripulado de la Resistencia Libanesa (Hizbullah) impact\u00f3 hoy cerca de la residencia del primer ministro israel\u00ed Benjam\u00edn Netanyahu, en la ciudad en Cesarea, al sur de Haifa.<\/p>\n<p style=\"text-align: justify;\">De acuerdo con los medios de prensa sionistas, tres drones lanzados desde el L\u00edbano, dos fueron interceptados y uno logr\u00f3 evitar los sistemas de defensa a\u00e9rea israel\u00edes, y vol\u00f3 unos 70 kil\u00f3metros desde el L\u00edbano y choc\u00f3 directamente contra el inmueble, donde residente Netanyahu.<\/p>\n<p style=\"text-align: justify;\">La v\u00edspera, la Sala de Operaciones de la Resistencia en L\u00edbano (Hizbullah) inform\u00f3 en un comunicado que las bajas del ej\u00e9rcito israel\u00ed en el sur del L\u00edbano aumentaron a 55 soldados y oficiales mientras unos 500 resultaron heridos.<\/p>\n<p style=\"text-align: justify;\">Agreg\u00f3 que los combatientes de la resistencia destruyeron 20 tanques Merkava, cuatro topadoras militares, un veh\u00edculo blindado y otro de transporte de tropas, adem\u00e1s de derribar dos drones \u201cOrmuz-450.<\/p>\n<p style=\"text-align: justify;\"><em><strong>fm\/ah<\/strong><\/em><\/p>\n","protected":false},"excerpt":{"rendered":"<p>Jerusal\u00e9n ocupada, 19 oct (SANA) Un veh\u00edculo a\u00e9reo no tripulado de la Resistencia Libanesa (Hizbullah) impact\u00f3 hoy cerca de la residencia del primer ministro israel\u00ed Benjam\u00edn Netanyahu, en la ciudad en Cesarea, al sur de Haifa. De acuerdo con los medios de prensa sionistas, tres drones lanzados desde el L\u00edbano, dos fueron interceptados y uno &hellip;<\/p>\n","protected":false},"author":30,"featured_media":340782,"comment_status":"closed","ping_status":"closed","sticky":false,"template":"","format":"standard","meta":{"footnotes":""},"categories":[597,456,20724,583],"tags":[],"class_list":["post-340781","post","type-post","status-publish","format-standard","has-post-thumbnail","","category-cinta-de-noticias","category-arabe-internacional-politica","category-minuto-a-minuto","category-slide"],"_links":{"self":[{"href":"https:\/\/archive.sana.sy\/es\/index.php?rest_route=\/wp\/v2\/posts\/340781"}],"collection":[{"href":"https:\/\/archive.sana.sy\/es\/index.php?rest_route=\/wp\/v2\/posts"}],"about":[{"href":"https:\/\/archive.sana.sy\/es\/index.php?rest_route=\/wp\/v2\/types\/post"}],"author":[{"embeddable":true,"href":"https:\/\/archive.sana.sy\/es\/index.php?rest_route=\/wp\/v2\/users\/30"}],"replies":[{"embeddable":true,"href":"https:\/\/archive.sana.sy\/es\/index.php?rest_route=%2Fwp%2Fv2%2Fcomments&post=340781"}],"version-history":[{"count":1,"href":"https:\/\/archive.sana.sy\/es\/index.php?rest_route=\/wp\/v2\/posts\/340781\/revisions"}],"predecessor-version":[{"id":340783,"href":"https:\/\/archive.sana.sy\/es\/index.php?rest_route=\/wp\/v2\/posts\/340781\/revisions\/340783"}],"wp:featuredmedia":[{"embeddable":true,"href":"https:\/\/archive.sana.sy\/es\/index.php?rest_route=\/wp\/v2\/media\/340782"}],"wp:attachment":[{"href":"https:\/\/archive.sana.sy\/es\/index.php?rest_route=%2Fwp%2Fv2%2Fmedia&parent=340781"}],"wp:term":[{"taxonomy":"category","embeddable":true,"href":"https:\/\/archive.sana.sy\/es\/index.php?rest_route=%2Fwp%2Fv2%2Fcategories&post=340781"},{"taxonomy":"post_tag","embeddable":true,"href":"https:\/\/archive.sana.sy\/es\/index.php?rest_route=%2Fwp%2Fv2%2Ftags&post=340781"}],"curies":[{"name":"wp","href":"https:\/\/api.w.org\/{rel}","templated":true}]}}