{"id":340790,"date":"2024-10-19T13:26:13","date_gmt":"2024-10-19T10:26:13","guid":{"rendered":"https:\/\/sana.sy\/es\/?p=340790"},"modified":"2024-11-19T11:03:31","modified_gmt":"2024-11-19T08:03:31","slug":"ejercito-ruso-derriba-16-drones-ucranianos","status":"publish","type":"post","link":"https:\/\/archive.sana.sy\/es\/?p=340790","title":{"rendered":"Ej\u00e9rcito ruso derriba 16 drones ucranianos"},"content":{"rendered":"<p style=\"text-align: justify;\"><span style=\"color: #800000;\"><strong>Mosc\u00fa, 19 oct (SANA)<\/strong> <\/span>El Ministerio de Defensa de Rusia anunci\u00f3 hoy que los medios de defensa a\u00e9rea del ej\u00e9rcito ruso interceptaron 16 drones ucranianos sobre las provincias de B\u00e9lgorod, Briansk y R\u00f3stov.<\/p>\n<p style=\"text-align: justify;\">El Ministerio inform\u00f3 por medio de un comunicado que frustr\u00f3 varios intentos del r\u00e9gimen de Kiev de llevar a cabo ataques terroristas utilizando drones contra objetivos en territorio ruso.<\/p>\n<p style=\"text-align: justify;\">Agreg\u00f3 que los sistemas de defensa a\u00e9rea en servicio destruyeron 16 drones ucranianos, 13 sobre el territorio de la provincia de Briansk, dos sobre el territorio de la provincia de Rostov y una sobre B\u00e9lgorod.<\/p>\n<p style=\"text-align: justify;\">Seg\u00fan el ente castrense, no hubo v\u00edctimas o da\u00f1os debido a estos ataques ucranianos.<\/p>\n<p style=\"text-align: justify;\">Las fuerzas ucranianas contin\u00faan con sus acciones provocadoras y atacan casi a diario las zonas fronterizas en el suroeste de Rusia con drones y misiles.<\/p>\n<p style=\"text-align: justify;\">fm\/ed<\/p>\n","protected":false},"excerpt":{"rendered":"<p>Mosc\u00fa, 19 oct (SANA) El Ministerio de Defensa de Rusia anunci\u00f3 hoy que los medios de defensa a\u00e9rea del ej\u00e9rcito ruso interceptaron 16 drones ucranianos sobre las provincias de B\u00e9lgorod, Briansk y R\u00f3stov. El Ministerio inform\u00f3 por medio de un comunicado que frustr\u00f3 varios intentos del r\u00e9gimen de Kiev de llevar a cabo ataques terroristas &hellip;<\/p>\n","protected":false},"author":32,"featured_media":340791,"comment_status":"closed","ping_status":"closed","sticky":false,"template":"","format":"standard","meta":{"footnotes":""},"categories":[597,456,20724,7541],"tags":[],"class_list":["post-340790","post","type-post","status-publish","format-standard","has-post-thumbnail","","category-cinta-de-noticias","category-arabe-internacional-politica","category-minuto-a-minuto","category-ultimas-noticias"],"_links":{"self":[{"href":"https:\/\/archive.sana.sy\/es\/index.php?rest_route=\/wp\/v2\/posts\/340790"}],"collection":[{"href":"https:\/\/archive.sana.sy\/es\/index.php?rest_route=\/wp\/v2\/posts"}],"about":[{"href":"https:\/\/archive.sana.sy\/es\/index.php?rest_route=\/wp\/v2\/types\/post"}],"author":[{"embeddable":true,"href":"https:\/\/archive.sana.sy\/es\/index.php?rest_route=\/wp\/v2\/users\/32"}],"replies":[{"embeddable":true,"href":"https:\/\/archive.sana.sy\/es\/index.php?rest_route=%2Fwp%2Fv2%2Fcomments&post=340790"}],"version-history":[{"count":2,"href":"https:\/\/archive.sana.sy\/es\/index.php?rest_route=\/wp\/v2\/posts\/340790\/revisions"}],"predecessor-version":[{"id":343115,"href":"https:\/\/archive.sana.sy\/es\/index.php?rest_route=\/wp\/v2\/posts\/340790\/revisions\/343115"}],"wp:featuredmedia":[{"embeddable":true,"href":"https:\/\/archive.sana.sy\/es\/index.php?rest_route=\/wp\/v2\/media\/340791"}],"wp:attachment":[{"href":"https:\/\/archive.sana.sy\/es\/index.php?rest_route=%2Fwp%2Fv2%2Fmedia&parent=340790"}],"wp:term":[{"taxonomy":"category","embeddable":true,"href":"https:\/\/archive.sana.sy\/es\/index.php?rest_route=%2Fwp%2Fv2%2Fcategories&post=340790"},{"taxonomy":"post_tag","embeddable":true,"href":"https:\/\/archive.sana.sy\/es\/index.php?rest_route=%2Fwp%2Fv2%2Ftags&post=340790"}],"curies":[{"name":"wp","href":"https:\/\/api.w.org\/{rel}","templated":true}]}}