{"id":340793,"date":"2024-10-19T13:32:40","date_gmt":"2024-10-19T10:32:40","guid":{"rendered":"https:\/\/sana.sy\/es\/?p=340793"},"modified":"2024-10-19T13:32:40","modified_gmt":"2024-10-19T10:32:40","slug":"gaza-es-la-verdadera-encarnacion-del-infierno-en-la-tierra-para-un-millon-de-ninos-afirma-la-unicef","status":"publish","type":"post","link":"https:\/\/archive.sana.sy\/es\/?p=340793","title":{"rendered":"Gaza es la verdadera encarnaci\u00f3n del infierno en la tierra para un mill\u00f3n de ni\u00f1os, afirma la Unicef"},"content":{"rendered":"<p style=\"text-align: justify;\"><strong><span style=\"color: #800000;\">Ginebra, 19 oct (SANA)<\/span> <\/strong>El Fondo de las Naciones Unidas para la Infancia (UNICEF) confirm\u00f3 hoy que un mill\u00f3n de ni\u00f1os palestinos en la Franja de Gaza viven en un infierno debido a la guerra genocida de &#8220;Israel&#8221;.<\/p>\n<p style=\"text-align: justify;\">El portavoz de la Unicef, James Elder, declar\u00f3 que al paso de un a\u00f1o de la guerra, los menores siguen sufriendo da\u00f1os diarios indescriptibles\u201d.<\/p>\n<p style=\"text-align: justify;\">\u201cGaza es la verdadera encarnaci\u00f3n del infierno en la tierra para un mill\u00f3n de ni\u00f1os que la habitan, y la situaci\u00f3n empeora d\u00eda a d\u00eda\u201d, dijo Elder.<\/p>\n<p style=\"text-align: justify;\">Revel\u00f3 que las estimaciones indican que el n\u00famero de muertes entre ni\u00f1os en Gaza ha superado los 14.100, y esto significa que un promedio de 35 a 40 ni\u00f1as y ni\u00f1os mueren cada d\u00eda en Gaza.<\/p>\n<p style=\"text-align: justify;\">Los palestinos que sobrevivieron a los ataques a\u00e9reos y operaciones militares se enfrentan condiciones horribles al ser desplazados repetidamente por bombardeos y repetidas \u00f3rdenes de evacuaci\u00f3n\u201d, continu\u00f3 Elder.<\/p>\n<p style=\"text-align: justify;\">Se pregunt\u00f3: \u201c\u00bfA d\u00f3nde van los ni\u00f1os y sus familias?\u201d &#8220;No est\u00e1n seguros en escuelas y refugios, no est\u00e1n seguros en hospitales y ciertamente no est\u00e1n seguros en campamentos superpoblados.<\/p>\n<p style=\"text-align: justify;\">fm\/ed<\/p>\n","protected":false},"excerpt":{"rendered":"<p>Ginebra, 19 oct (SANA) El Fondo de las Naciones Unidas para la Infancia (UNICEF) confirm\u00f3 hoy que un mill\u00f3n de ni\u00f1os palestinos en la Franja de Gaza viven en un infierno debido a la guerra genocida de &#8220;Israel&#8221;. El portavoz de la Unicef, James Elder, declar\u00f3 que al paso de un a\u00f1o de la guerra, &hellip;<\/p>\n","protected":false},"author":32,"featured_media":340794,"comment_status":"closed","ping_status":"closed","sticky":false,"template":"","format":"standard","meta":{"footnotes":""},"categories":[597,456,20724,583],"tags":[],"class_list":["post-340793","post","type-post","status-publish","format-standard","has-post-thumbnail","","category-cinta-de-noticias","category-arabe-internacional-politica","category-minuto-a-minuto","category-slide"],"_links":{"self":[{"href":"https:\/\/archive.sana.sy\/es\/index.php?rest_route=\/wp\/v2\/posts\/340793"}],"collection":[{"href":"https:\/\/archive.sana.sy\/es\/index.php?rest_route=\/wp\/v2\/posts"}],"about":[{"href":"https:\/\/archive.sana.sy\/es\/index.php?rest_route=\/wp\/v2\/types\/post"}],"author":[{"embeddable":true,"href":"https:\/\/archive.sana.sy\/es\/index.php?rest_route=\/wp\/v2\/users\/32"}],"replies":[{"embeddable":true,"href":"https:\/\/archive.sana.sy\/es\/index.php?rest_route=%2Fwp%2Fv2%2Fcomments&post=340793"}],"version-history":[{"count":1,"href":"https:\/\/archive.sana.sy\/es\/index.php?rest_route=\/wp\/v2\/posts\/340793\/revisions"}],"predecessor-version":[{"id":340795,"href":"https:\/\/archive.sana.sy\/es\/index.php?rest_route=\/wp\/v2\/posts\/340793\/revisions\/340795"}],"wp:featuredmedia":[{"embeddable":true,"href":"https:\/\/archive.sana.sy\/es\/index.php?rest_route=\/wp\/v2\/media\/340794"}],"wp:attachment":[{"href":"https:\/\/archive.sana.sy\/es\/index.php?rest_route=%2Fwp%2Fv2%2Fmedia&parent=340793"}],"wp:term":[{"taxonomy":"category","embeddable":true,"href":"https:\/\/archive.sana.sy\/es\/index.php?rest_route=%2Fwp%2Fv2%2Fcategories&post=340793"},{"taxonomy":"post_tag","embeddable":true,"href":"https:\/\/archive.sana.sy\/es\/index.php?rest_route=%2Fwp%2Fv2%2Ftags&post=340793"}],"curies":[{"name":"wp","href":"https:\/\/api.w.org\/{rel}","templated":true}]}}