{"id":340822,"date":"2024-10-19T19:18:59","date_gmt":"2024-10-19T16:18:59","guid":{"rendered":"https:\/\/sana.sy\/es\/?p=340822"},"modified":"2024-10-19T19:22:01","modified_gmt":"2024-10-19T16:22:01","slug":"siria-participa-en-la-conferencia-arabe-sobre-competencias-sanitarias-de-emigrantes-arabes","status":"publish","type":"post","link":"https:\/\/archive.sana.sy\/es\/?p=340822","title":{"rendered":"Siria participa en la Conferencia \u00c1rabe sobre competencias sanitarias de emigrantes \u00e1rabes"},"content":{"rendered":"<p style=\"text-align: justify;\"><span style=\"color: #800000;\"><strong>Amm\u00e1n, 19 oct (SANA)\u00a0<\/strong><\/span> Con la participaci\u00f3n de Siria, se inaugur\u00f3 hoy la 1\u00aa Conferencia \u00c1rabe sobre el papel de las competencias sanitarias de los emigrantes \u00e1rabes en el apoyo a los sistemas de salud en los pa\u00edses \u00e1rabes.<\/p>\n<p style=\"text-align: justify;\">El evento, que es el primero de su tipo en el mundo \u00e1rabe, se celebra durante dos d\u00edas en la capital jordana de Amm\u00e1n, y tiene como objetivo mejorar la cooperaci\u00f3n sanitaria \u00e1rabe conjunta.<\/p>\n<p style=\"text-align: justify;\">El Ministro de Salud de Siria, Ahmed Damiriyah, quien presidi\u00f3 la primera sesi\u00f3n de la Conferencia, habl\u00f3 sobre el volumen y las tendencias de la emigraci\u00f3n, los factores asociados con la misma, y los efectos y desaf\u00edos resultantes de la emigraci\u00f3n de los trabajadores de salud.<\/p>\n<p style=\"text-align: justify;\">Participan en la conferencia casi 500 personas, entre ellos ministros de salud y m\u00e9dicos \u00e1rabes con competencias sanitarias que han logrado \u00e9xitos notables en el exterior.<\/p>\n<div id='gallery-1' class='gallery galleryid-340822 gallery-columns-2 gallery-size-medium'><figure class='gallery-item'>\n\t\t\t<div class='gallery-icon landscape'>\n\t\t\t\t<a href='https:\/\/archive.sana.sy\/es\/wp-content\/uploads\/2024\/10\/\u0643\u0643\u0643.jpg'><img loading=\"lazy\" decoding=\"async\" width=\"300\" height=\"169\" src=\"https:\/\/archive.sana.sy\/es\/wp-content\/uploads\/2024\/10\/\u0643\u0643\u0643-300x169.jpg\" class=\"attachment-medium size-medium\" alt=\"\" srcset=\"https:\/\/archive.sana.sy\/es\/wp-content\/uploads\/2024\/10\/\u0643\u0643\u0643-300x169.jpg 300w, https:\/\/archive.sana.sy\/es\/wp-content\/uploads\/2024\/10\/\u0643\u0643\u0643-150x84.jpg 150w, https:\/\/archive.sana.sy\/es\/wp-content\/uploads\/2024\/10\/\u0643\u0643\u0643.jpg 660w\" sizes=\"(max-width: 300px) 100vw, 300px\" \/><\/a>\n\t\t\t<\/div><\/figure><figure class='gallery-item'>\n\t\t\t<div class='gallery-icon landscape'>\n\t\t\t\t<a href='https:\/\/archive.sana.sy\/es\/wp-content\/uploads\/2024\/10\/Untitled-2-copy-26.jpg'><img loading=\"lazy\" decoding=\"async\" width=\"300\" height=\"149\" src=\"https:\/\/archive.sana.sy\/es\/wp-content\/uploads\/2024\/10\/Untitled-2-copy-26-300x149.jpg\" class=\"attachment-medium size-medium\" alt=\"\" srcset=\"https:\/\/archive.sana.sy\/es\/wp-content\/uploads\/2024\/10\/Untitled-2-copy-26-300x149.jpg 300w, https:\/\/archive.sana.sy\/es\/wp-content\/uploads\/2024\/10\/Untitled-2-copy-26-150x74.jpg 150w, https:\/\/archive.sana.sy\/es\/wp-content\/uploads\/2024\/10\/Untitled-2-copy-26.jpg 660w\" sizes=\"(max-width: 300px) 100vw, 300px\" \/><\/a>\n\t\t\t<\/div><\/figure>\n\t\t<\/div>\n\n<p style=\"text-align: justify;\">rr<\/p>\n","protected":false},"excerpt":{"rendered":"<p>Amm\u00e1n, 19 oct (SANA)\u00a0 Con la participaci\u00f3n de Siria, se inaugur\u00f3 hoy la 1\u00aa Conferencia \u00c1rabe sobre el papel de las competencias sanitarias de los emigrantes \u00e1rabes en el apoyo a los sistemas de salud en los pa\u00edses \u00e1rabes. El evento, que es el primero de su tipo en el mundo \u00e1rabe, se celebra durante &hellip;<\/p>\n","protected":false},"author":31,"featured_media":340823,"comment_status":"closed","ping_status":"closed","sticky":false,"template":"","format":"standard","meta":{"footnotes":""},"categories":[597,467,7541],"tags":[],"class_list":["post-340822","post","type-post","status-publish","format-standard","has-post-thumbnail","","category-cinta-de-noticias","category-siria-y-el-mundo","category-ultimas-noticias"],"_links":{"self":[{"href":"https:\/\/archive.sana.sy\/es\/index.php?rest_route=\/wp\/v2\/posts\/340822"}],"collection":[{"href":"https:\/\/archive.sana.sy\/es\/index.php?rest_route=\/wp\/v2\/posts"}],"about":[{"href":"https:\/\/archive.sana.sy\/es\/index.php?rest_route=\/wp\/v2\/types\/post"}],"author":[{"embeddable":true,"href":"https:\/\/archive.sana.sy\/es\/index.php?rest_route=\/wp\/v2\/users\/31"}],"replies":[{"embeddable":true,"href":"https:\/\/archive.sana.sy\/es\/index.php?rest_route=%2Fwp%2Fv2%2Fcomments&post=340822"}],"version-history":[{"count":3,"href":"https:\/\/archive.sana.sy\/es\/index.php?rest_route=\/wp\/v2\/posts\/340822\/revisions"}],"predecessor-version":[{"id":340828,"href":"https:\/\/archive.sana.sy\/es\/index.php?rest_route=\/wp\/v2\/posts\/340822\/revisions\/340828"}],"wp:featuredmedia":[{"embeddable":true,"href":"https:\/\/archive.sana.sy\/es\/index.php?rest_route=\/wp\/v2\/media\/340823"}],"wp:attachment":[{"href":"https:\/\/archive.sana.sy\/es\/index.php?rest_route=%2Fwp%2Fv2%2Fmedia&parent=340822"}],"wp:term":[{"taxonomy":"category","embeddable":true,"href":"https:\/\/archive.sana.sy\/es\/index.php?rest_route=%2Fwp%2Fv2%2Fcategories&post=340822"},{"taxonomy":"post_tag","embeddable":true,"href":"https:\/\/archive.sana.sy\/es\/index.php?rest_route=%2Fwp%2Fv2%2Ftags&post=340822"}],"curies":[{"name":"wp","href":"https:\/\/api.w.org\/{rel}","templated":true}]}}