{"id":340925,"date":"2024-10-21T14:00:34","date_gmt":"2024-10-21T11:00:34","guid":{"rendered":"https:\/\/sana.sy\/es\/?p=340925"},"modified":"2024-10-21T14:00:34","modified_gmt":"2024-10-21T11:00:34","slug":"siria-y-onu-repasan-respuesta-humanitaria-a-los-desplazados-procedentes-del-libano","status":"publish","type":"post","link":"https:\/\/archive.sana.sy\/es\/?p=340925","title":{"rendered":"Siria y ONU repasan respuesta humanitaria a los desplazados procedentes del L\u00edbano"},"content":{"rendered":"<p style=\"text-align: justify;\"><span style=\"color: #800000;\"><strong>Damasco, 21 oct (SANA)<\/strong><\/span> El ministro de Administraci\u00f3n Local y Medio Ambiente, Louay Kharita, repas\u00f3 con el coordinador residente de Fomento y Actividades Humanitarias de las Naciones Unidas, Adam Abdel Mawla, las formas para apoyar los esfuerzos del gobierno sirio en la respuesta humanitaria a los desplazados que llegan del L\u00edbano, adem\u00e1s de los proyectos de recuperaci\u00f3n que permitan un regreso seguro de los refugiados sirios.<\/p>\n<p style=\"text-align: justify;\">El titular sirio dijo que el Ministerio y el Comit\u00e9 Superior de Ayuda brindan todo el apoyo y las facilidades para implementar proyectos de recuperaci\u00f3n en diversos sectores, con el fin de facilitar el regreso sostenible de los sirios a su tierra natal.<\/p>\n<p style=\"text-align: justify;\">Se refiri\u00f3 a las medidas tomadas por el gobierno sirio para crear un entorno jur\u00eddico, legislativo y administrativo propicio para el regreso de los desplazados.<\/p>\n<p style=\"text-align: justify;\">Por otro lado, el Ministro sirio explic\u00f3 las medidas adoptadas por el gobierno para la respuesta de emergencia de quienes llegan del L\u00edbano, satisfacer sus necesidades humanitarias y abrir centros de refugio.<\/p>\n<p style=\"text-align: justify;\">Dijo que existe una coordinaci\u00f3n continua con los socios nacionales y las organizaciones de las Naciones Unidas para asegurar una respuesta organizada a estos desplazados.<\/p>\n<p style=\"text-align: justify;\">Por su parte, Abdel Mawla agradeci\u00f3 todos los esfuerzos realizados en el marco de la respuesta a los que llegan del L\u00edbano y a los refugiados sirios.<\/p>\n<p style=\"text-align: justify;\">Subray\u00f3 la importancia de seguir implementando planes de recuperaci\u00f3n temprana centrados en los sectores b\u00e1sicos como la educaci\u00f3n, la salud, el agua y los medios de vida, para permitir a los sirios depender de s\u00ed mismos, de una manera que contribuya a preparar el entorno para su regreso.<\/p>\n<p style=\"text-align: justify;\">fm\/as<\/p>\n","protected":false},"excerpt":{"rendered":"<p>Damasco, 21 oct (SANA) El ministro de Administraci\u00f3n Local y Medio Ambiente, Louay Kharita, repas\u00f3 con el coordinador residente de Fomento y Actividades Humanitarias de las Naciones Unidas, Adam Abdel Mawla, las formas para apoyar los esfuerzos del gobierno sirio en la respuesta humanitaria a los desplazados que llegan del L\u00edbano, adem\u00e1s de los proyectos &hellip;<\/p>\n","protected":false},"author":42,"featured_media":340926,"comment_status":"closed","ping_status":"closed","sticky":false,"template":"","format":"standard","meta":{"footnotes":""},"categories":[597,20724,476,16688,7541],"tags":[],"class_list":["post-340925","post","type-post","status-publish","format-standard","has-post-thumbnail","","category-cinta-de-noticias","category-minuto-a-minuto","category-locales","category-nacionales","category-ultimas-noticias"],"_links":{"self":[{"href":"https:\/\/archive.sana.sy\/es\/index.php?rest_route=\/wp\/v2\/posts\/340925"}],"collection":[{"href":"https:\/\/archive.sana.sy\/es\/index.php?rest_route=\/wp\/v2\/posts"}],"about":[{"href":"https:\/\/archive.sana.sy\/es\/index.php?rest_route=\/wp\/v2\/types\/post"}],"author":[{"embeddable":true,"href":"https:\/\/archive.sana.sy\/es\/index.php?rest_route=\/wp\/v2\/users\/42"}],"replies":[{"embeddable":true,"href":"https:\/\/archive.sana.sy\/es\/index.php?rest_route=%2Fwp%2Fv2%2Fcomments&post=340925"}],"version-history":[{"count":1,"href":"https:\/\/archive.sana.sy\/es\/index.php?rest_route=\/wp\/v2\/posts\/340925\/revisions"}],"predecessor-version":[{"id":340927,"href":"https:\/\/archive.sana.sy\/es\/index.php?rest_route=\/wp\/v2\/posts\/340925\/revisions\/340927"}],"wp:featuredmedia":[{"embeddable":true,"href":"https:\/\/archive.sana.sy\/es\/index.php?rest_route=\/wp\/v2\/media\/340926"}],"wp:attachment":[{"href":"https:\/\/archive.sana.sy\/es\/index.php?rest_route=%2Fwp%2Fv2%2Fmedia&parent=340925"}],"wp:term":[{"taxonomy":"category","embeddable":true,"href":"https:\/\/archive.sana.sy\/es\/index.php?rest_route=%2Fwp%2Fv2%2Fcategories&post=340925"},{"taxonomy":"post_tag","embeddable":true,"href":"https:\/\/archive.sana.sy\/es\/index.php?rest_route=%2Fwp%2Fv2%2Ftags&post=340925"}],"curies":[{"name":"wp","href":"https:\/\/api.w.org\/{rel}","templated":true}]}}